{"id":84848,"date":"2016-03-30T23:58:13","date_gmt":"2016-03-31T02:58:13","guid":{"rendered":"https:\/\/historiadofutebol.com\/blog\/?p=84848"},"modified":"2017-02-12T15:55:10","modified_gmt":"2017-02-12T17:55:10","slug":"internacional-futebol-clube-de-curicica-rio-de-janeiro-rj-primeiro-escudo","status":"publish","type":"post","link":"https:\/\/historiadofutebol.com\/blog\/?p=84848","title":{"rendered":"Internacional Futebol Clube, de Curicica &#8211; Rio de Janeiro (RJ): 1\u00ba Escudo"},"content":{"rendered":"<p><img loading=\"lazy\" decoding=\"async\" class=\"aligncenter size-large wp-image-84850\" src=\"https:\/\/historiadofutebol.com\/blog\/wp-content\/uploads\/2016\/03\/1276-500x352.jpg\" alt=\"\" width=\"500\" height=\"352\" srcset=\"https:\/\/historiadofutebol.com\/blog\/wp-content\/uploads\/2016\/03\/1276-500x352.jpg 500w, https:\/\/historiadofutebol.com\/blog\/wp-content\/uploads\/2016\/03\/1276-300x211.jpg 300w, https:\/\/historiadofutebol.com\/blog\/wp-content\/uploads\/2016\/03\/1276.jpg 998w\" sizes=\"auto, (max-width: 500px) 100vw, 500px\" \/><\/p>\n<p>O <strong>Internacional Futebol Clube<\/strong> foi uma agremia\u00e7\u00e3o da Cidade do Rio de Janeiro (RJ). <strong>Fundado no dia 1\u00ba de Mar\u00e7o de 1993<\/strong>, ficava <em>sediado no bairro de Curicica, na Zona Oeste do Rio<\/em>. A <strong><em>equipe alvirrubra<\/em><\/strong> mandava seus jogos no est\u00e1dio Eust\u00e1quio Marques, de propriedade do pr\u00f3prio, que tamb\u00e9m era um dos dirigentes, e depois se desentendeu com os demais, o que culminou na extin\u00e7\u00e3o do clube.<\/p>\n<p>A equipe, que era presidida por Valdeir Penudo e Augusto Vieira, estreou no <strong><em>Campeonato Estadual da Terceira Divis\u00e3o, em 1995. <\/em><\/strong>Na primeira fase, ap\u00f3s a disputa de dois turnos, se classificou em segundo lugar, em seu grupo, \u00e0 segunda fase, atr\u00e1s do Centro Esportivo Arraial do Cabo, e \u00e0 frente de Esporte Clube Lucas, Jacarepagu\u00e1 Futebol Clube, Maca\u00e9 Barra Clube e Cardoso Moreira.<\/p>\n<p>No hexagonal final, a equipe ficou em 6\u00ba lugar, atr\u00e1s de Esporte Clube Lucas, Real Esporte Clube, Centro Esportivo Arraial do Cabo, C\u00e9res Futebol Clube e Gr\u00eamio Esportivo Km 49. Os campe\u00f5es e promovidos naquele ano foram Esporte Clube Lucas e Real Esporte Clube.<\/p>\n<p>Em 1996, foi convidado a disputar a <strong><em>Divis\u00e3o Especial<\/em><\/strong>, na pr\u00e1tica, a <strong><em>Segunda Divis\u00e3o<\/em><\/strong>. Terminou o primeiro turno na \u00faltima coloca\u00e7\u00e3o por ter perdido 5 pontos devido \u00e0 escala\u00e7\u00e3o de jogadores em condi\u00e7\u00e3o irregular. A Associa\u00e7\u00e3o Atl\u00e9tica Portuguesa foi a l\u00edder do campeonato que teve chave \u00fanica e dois turnos.<\/p>\n<p><img loading=\"lazy\" decoding=\"async\" class=\"aligncenter size-large wp-image-84849\" src=\"https:\/\/historiadofutebol.com\/blog\/wp-content\/uploads\/2016\/03\/1340-281x500.jpg\" alt=\"\" width=\"281\" height=\"500\" srcset=\"https:\/\/historiadofutebol.com\/blog\/wp-content\/uploads\/2016\/03\/1340-281x500.jpg 281w, https:\/\/historiadofutebol.com\/blog\/wp-content\/uploads\/2016\/03\/1340-168x300.jpg 168w, https:\/\/historiadofutebol.com\/blog\/wp-content\/uploads\/2016\/03\/1340.jpg 585w\" sizes=\"auto, (max-width: 281px) 100vw, 281px\" \/><\/p>\n<p>Em segundo lugar, ainda no turno, ficou o Bonsucesso Futebol Clube, seguido de Barra Mansa Futebol Clube, Nova Igua\u00e7u Futebol Clube, Goytacaz Futebol Clube, Maca\u00e9 Barra, Royal Sport Club, Friburguense Atl\u00e9tico Clube, Campo Grande Atl\u00e9tico Clube, Mesquita Futebol Clube e S\u00e3o Crist\u00f3v\u00e3o de Futebol e Regatas.<\/p>\n<p>No segundo turno, o Internacional ficou em d\u00e9cimo lugar. O Friburguense Atl\u00e9tico Clube foi o l\u00edder. A decis\u00e3o do segundo turno foi disputada entre Nova Igua\u00e7u Futebol Clube e Friburguense. Houve empate em 1 a 1 e vit\u00f3ria do time igua\u00e7uano nos p\u00eanaltis por 6 a 5. Na grande final, a Portuguesa, l\u00edder do primeiro turno, bateu o Nova Igua\u00e7u por 2 a 0.<\/p>\n<p>Em 1997, o <strong>Internacional<\/strong> continuou na disputa da <strong><em>Divis\u00e3o Especial, a Segunda Divis\u00e3o<\/em><\/strong>. Terminou a fase preliminar, em seu grupo, na quinta coloca\u00e7\u00e3o, atr\u00e1s dos classificados \u00e0 fase seguinte S\u00e3o Crist\u00f3v\u00e3o de Futebol e Regatas, Associa\u00e7\u00e3o Atl\u00e9tica Portuguesa, Mesquita Futebol Clube e Serrano Foot Ball Club.<\/p>\n<p>E \u00e0 frente dos tamb\u00e9m eliminados Campo Grande Atl\u00e9tico Clube e Heli\u00f3polis Atl\u00e9tico Clube. Na grande final do campeonato, o Friburguense bateu o C\u00e9res Futebol Clube por 1 a 0, em Friburgo e empatou em 0 a 0, em Bangu, ficando com o t\u00edtulo e o acesso \u00fanico \u00e0 elite do futebol do estado.<\/p>\n<p><img loading=\"lazy\" decoding=\"async\" class=\"aligncenter size-full wp-image-101254\" title=\"00\" src=\"https:\/\/historiadofutebol.com\/blog\/wp-content\/uploads\/2016\/03\/00.png\" alt=\"\" width=\"800\" height=\"583\" srcset=\"https:\/\/historiadofutebol.com\/blog\/wp-content\/uploads\/2016\/03\/00.png 800w, https:\/\/historiadofutebol.com\/blog\/wp-content\/uploads\/2016\/03\/00-300x218.png 300w, https:\/\/historiadofutebol.com\/blog\/wp-content\/uploads\/2016\/03\/00-500x364.png 500w\" sizes=\"auto, (max-width: 800px) 100vw, 800px\" \/><\/p>\n<p>Em 1998, o time participou do <strong><em>M\u00f3dulo Especial<\/em><\/strong>, novo nome atribu\u00eddo \u00e0 <strong><em>Segunda Divis\u00e3o<\/em><\/strong>. Na primeira fase, em seu grupo, o Internacional ficou em terceiro lugar e se classificou \u00e0 fase seguinte, atr\u00e1s da l\u00edder Associa\u00e7\u00e3o Desportiva Cabofriense e o S\u00e3o Crist\u00f3v\u00e3o de Futebol e Regatas.<\/p>\n<p>Os eliminados na chave foram Mesquita Futebol Clube, Jacarepagu\u00e1 Futebol Clube e Barra da Tijuca Futebol Clube. A segunda fase foi dividida em dois grupos de quatro equipes. O time de Curicica foi apenas o \u00faltimo colocado na chave que classificou a Cabofriense para a final.<\/p>\n<p>Foram ent\u00e3o eliminados Serrano e Barreira. No outro grupo o outro habilitado \u00e0 decis\u00e3o foi o Campo Grande Atl\u00e9tico Clube, que deixou para tr\u00e1s a Associa\u00e7\u00e3o Atl\u00e9tica Portuguesa, o S\u00e3o Crist\u00f3v\u00e3o de Futebol e Regatas e o CFZ do Rio Sociedade Esportiva. O time de Cabo Frio, contudo, levou a melhor e ficou com o t\u00edtulo e o acesso \u00fanico \u00e0 elite do futebol fluminense.<\/p>\n<p>Em 1999, ficou marcado pela aus\u00eancia do America na Primeira Divis\u00e3o. Ap\u00f3s a primeira fase, em seu grupo, o <strong>Internacional<\/strong> ficou em \u00faltimo lugar, atr\u00e1s dos classificados Associa\u00e7\u00e3o Desportiva Cabofriense, Nova Igua\u00e7u Futebol Clube e Esporte Clube Barreira.<\/p>\n<p>Os outros eliminados foram Campo Grande Atl\u00e9tico Clube e S\u00e3o Crist\u00f3v\u00e3o de Futebol e Regatas. Tudo indicava que o n\u00e3o s\u00f3 o Internacional como tamb\u00e9m o Jacarepagu\u00e1 Futebol Clube, o outro lanterna da outra chave, seriam rebaixados, mas o Universal Futebol Clube, estranhamente, ocupou a vaga do <strong>Internacional<\/strong> no ano seguinte na mesma divis\u00e3o e depois tamb\u00e9m se extinguiu.<\/p>\n<p>Esse foi o \u00faltimo estadual do <strong>Internacional<\/strong>, pois haveria posteriormente diverg\u00eancias de seus dirigentes com o propriet\u00e1rio do est\u00e1dio, o sr. Eust\u00e1quio Marques, conhecido por Taquinho. Com a extin\u00e7\u00e3o do clube, a pra\u00e7a de esportes seria alugada para v\u00e1rios outros clubes, entre os quais, Universal Futebol Clube, Est\u00e1cio de S\u00e1 Futebol Clube, Esporte Clube Marinho e Clube Atl\u00e9tico da Barra da Tijuca, o antigo Yasmin, que na verdade, o sublocou do Marinho, entre 2011 e 2012.<\/p>\n<p>&nbsp;<\/p>\n<p><strong><em>FONTES:<\/em><\/strong><em> Wikip\u00e9dia &#8211; Andr\u00e9 Luiz Pereira Nunes<\/em><\/p>\n<p><em><strong>FOTO:<\/strong>\u00a0Acervo de\u00a0Marcel\u00e3o, Marcelo Santos, ex-goleiro da Cabofriense<\/em><\/p>\n","protected":false},"excerpt":{"rendered":"<p>O Internacional Futebol Clube foi uma agremia\u00e7\u00e3o da Cidade do Rio de Janeiro (RJ). Fundado no dia 1\u00ba de Mar\u00e7o de 1993, ficava sediado no bairro de Curicica, na Zona Oeste do Rio. A equipe alvirrubra mandava seus jogos no est\u00e1dio Eust\u00e1quio Marques, de propriedade do pr\u00f3prio, que tamb\u00e9m era um dos dirigentes, e depois [&hellip;]<\/p>\n","protected":false},"author":55,"featured_media":0,"comment_status":"open","ping_status":"closed","sticky":false,"template":"","format":"standard","meta":{"footnotes":""},"categories":[203,83,59,3,47],"tags":[],"class_list":["post-84848","post","type-post","status-publish","format-standard","hentry","category-sergio-mello","category-x9-curiosidades","category-escudos","category-historia-do-futebol","category-rio-de-janeiro"],"_links":{"self":[{"href":"https:\/\/historiadofutebol.com\/blog\/index.php?rest_route=\/wp\/v2\/posts\/84848","targetHints":{"allow":["GET"]}}],"collection":[{"href":"https:\/\/historiadofutebol.com\/blog\/index.php?rest_route=\/wp\/v2\/posts"}],"about":[{"href":"https:\/\/historiadofutebol.com\/blog\/index.php?rest_route=\/wp\/v2\/types\/post"}],"author":[{"embeddable":true,"href":"https:\/\/historiadofutebol.com\/blog\/index.php?rest_route=\/wp\/v2\/users\/55"}],"replies":[{"embeddable":true,"href":"https:\/\/historiadofutebol.com\/blog\/index.php?rest_route=%2Fwp%2Fv2%2Fcomments&post=84848"}],"version-history":[{"count":3,"href":"https:\/\/historiadofutebol.com\/blog\/index.php?rest_route=\/wp\/v2\/posts\/84848\/revisions"}],"predecessor-version":[{"id":101255,"href":"https:\/\/historiadofutebol.com\/blog\/index.php?rest_route=\/wp\/v2\/posts\/84848\/revisions\/101255"}],"wp:attachment":[{"href":"https:\/\/historiadofutebol.com\/blog\/index.php?rest_route=%2Fwp%2Fv2%2Fmedia&parent=84848"}],"wp:term":[{"taxonomy":"category","embeddable":true,"href":"https:\/\/historiadofutebol.com\/blog\/index.php?rest_route=%2Fwp%2Fv2%2Fcategories&post=84848"},{"taxonomy":"post_tag","embeddable":true,"href":"https:\/\/historiadofutebol.com\/blog\/index.php?rest_route=%2Fwp%2Fv2%2Ftags&post=84848"}],"curies":[{"name":"wp","href":"https:\/\/api.w.org\/{rel}","templated":true}]}}