{"id":847,"date":"2007-11-12T18:41:41","date_gmt":"2007-11-12T21:41:41","guid":{"rendered":"http:\/\/blog.soccerlogos.com.br\/2007\/11\/12\/gremio-esportivo-acreano-ac\/"},"modified":"2010-01-25T13:28:14","modified_gmt":"2010-01-25T15:28:14","slug":"gremio-esportivo-acreano-ac","status":"publish","type":"post","link":"https:\/\/historiadofutebol.com\/blog\/?p=847","title":{"rendered":"Gr\u00eamio Esportivo Acreano-AC"},"content":{"rendered":"<p>[img:Gr__mio_Acreano.jpg,full,vazio]<\/p>\n<p>Dos clubes que disputaram o Campeonato Acreano temos o<br \/>\nGr\u00eamio Esportivo Acreano<\/p>\n<p>Coloca\u00e7\u00e3o nos \u00faltimos 10 campeonatos:<\/p>\n<p>1994- participou<br \/>\n1995-7\u00b0coloca\u00e7\u00e3o<br \/>\n1996-7\u00b0coloca\u00e7\u00e3o<\/p>\n<p>O Tigre, da cidade de Sena Madureira, chegou a ser campe\u00e3o do Torneio In\u00edcio, em 1999,mas n\u00e3o jogou o estadual.Ap\u00f3s participa\u00e7\u00f5es modestas em tr\u00eas temporadas se licenciou em 1999.<\/p>\n<p>Nome<br \/>\nGr\u00eamio Esportivo Acreano<\/p>\n<p>Cidade<br \/>\nSena Madureira(Pop.22.595 habitantes)<\/p>\n<p>Funda\u00e7\u00e3o<br \/>\n1965<\/p>\n<p>Cores<br \/>\nVermelho e Branco<\/p>\n<p>Est\u00e1dio<br \/>\nDidier Tramborz &#8220;Tramborz\u00e3o&#8221;\/1 mil e Jos\u00e9 Marreira Filho &#8220;Marreir\u00e3o&#8221;(pelo que andei lendo foi demolido e est\u00e3o construindo outro no mesmo local, ou o antigo est\u00e1 em reforma,a confirmar)\/3 mil<\/p>\n<p>Origens<br \/>\nAmadora em 1965<\/p>\n<p>Situa\u00e7\u00e3o Atual<br \/>\nPelo que li licenciou-se em 1999.<\/p>\n","protected":false},"excerpt":{"rendered":"<p>[img:Gr__mio_Acreano.jpg,full,vazio] Dos clubes que disputaram o Campeonato Acreano temos o Gr\u00eamio Esportivo Acreano Coloca\u00e7\u00e3o nos \u00faltimos 10 campeonatos: 1994- participou 1995-7\u00b0coloca\u00e7\u00e3o 1996-7\u00b0coloca\u00e7\u00e3o O Tigre, da cidade de Sena Madureira, chegou a ser campe\u00e3o do Torneio In\u00edcio, em 1999,mas n\u00e3o jogou o estadual.Ap\u00f3s participa\u00e7\u00f5es modestas em tr\u00eas temporadas se licenciou em 1999. Nome Gr\u00eamio Esportivo Acreano [&hellip;]<\/p>\n","protected":false},"author":8,"featured_media":0,"comment_status":"open","ping_status":"closed","sticky":false,"template":"","format":"standard","meta":{"footnotes":""},"categories":[62,28,68],"tags":[],"class_list":["post-847","post","type-post","status-publish","format-standard","hentry","category-eduardo-cacella","category-acre","category-blog-historia-do-futebol"],"_links":{"self":[{"href":"https:\/\/historiadofutebol.com\/blog\/index.php?rest_route=\/wp\/v2\/posts\/847","targetHints":{"allow":["GET"]}}],"collection":[{"href":"https:\/\/historiadofutebol.com\/blog\/index.php?rest_route=\/wp\/v2\/posts"}],"about":[{"href":"https:\/\/historiadofutebol.com\/blog\/index.php?rest_route=\/wp\/v2\/types\/post"}],"author":[{"embeddable":true,"href":"https:\/\/historiadofutebol.com\/blog\/index.php?rest_route=\/wp\/v2\/users\/8"}],"replies":[{"embeddable":true,"href":"https:\/\/historiadofutebol.com\/blog\/index.php?rest_route=%2Fwp%2Fv2%2Fcomments&post=847"}],"version-history":[{"count":1,"href":"https:\/\/historiadofutebol.com\/blog\/index.php?rest_route=\/wp\/v2\/posts\/847\/revisions"}],"predecessor-version":[{"id":3157,"href":"https:\/\/historiadofutebol.com\/blog\/index.php?rest_route=\/wp\/v2\/posts\/847\/revisions\/3157"}],"wp:attachment":[{"href":"https:\/\/historiadofutebol.com\/blog\/index.php?rest_route=%2Fwp%2Fv2%2Fmedia&parent=847"}],"wp:term":[{"taxonomy":"category","embeddable":true,"href":"https:\/\/historiadofutebol.com\/blog\/index.php?rest_route=%2Fwp%2Fv2%2Fcategories&post=847"},{"taxonomy":"post_tag","embeddable":true,"href":"https:\/\/historiadofutebol.com\/blog\/index.php?rest_route=%2Fwp%2Fv2%2Ftags&post=847"}],"curies":[{"name":"wp","href":"https:\/\/api.w.org\/{rel}","templated":true}]}}