{"id":80408,"date":"2015-12-21T00:57:42","date_gmt":"2015-12-21T02:57:42","guid":{"rendered":"https:\/\/historiadofutebol.com\/blog\/?p=80408"},"modified":"2015-12-21T14:25:48","modified_gmt":"2015-12-21T16:25:48","slug":"marumby-futebol-clube-curitiba-pr-uma-participacao-na-segundona-paranaense","status":"publish","type":"post","link":"https:\/\/historiadofutebol.com\/blog\/?p=80408","title":{"rendered":"Marumby de Futebol &#8211; Curitiba (PR): Uma participa\u00e7\u00e3o na Segundona Paranaense"},"content":{"rendered":"<p><img loading=\"lazy\" decoding=\"async\" class=\"aligncenter size-large wp-image-80439\" src=\"https:\/\/historiadofutebol.com\/blog\/wp-content\/uploads\/2015\/12\/00110-500x322.jpg\" alt=\"\" width=\"500\" height=\"322\" srcset=\"https:\/\/historiadofutebol.com\/blog\/wp-content\/uploads\/2015\/12\/00110-500x322.jpg 500w, https:\/\/historiadofutebol.com\/blog\/wp-content\/uploads\/2015\/12\/00110-300x193.jpg 300w, https:\/\/historiadofutebol.com\/blog\/wp-content\/uploads\/2015\/12\/00110.jpg 1159w\" sizes=\"auto, (max-width: 500px) 100vw, 500px\" \/><\/p>\n<p>O <strong>Marumby de Futebol <\/strong>foi uma agremia\u00e7\u00e3o ef\u00eamera da cidade de Curitiba (PR). O <strong><em>Tricolor<\/em><\/strong> <em>(nas cores azul, amarelo e vermelho)<\/em> foi <strong>Fundado no dia 02 de Setembro de 1975<\/strong>, a sua <strong><em>Sede<\/em><\/strong> ficava na <em>Rua Dr. Falvre, 1.330\/ 1\u00ba andar \/ Sl. 208, no Centro de Curitiba<\/em>. A escolha das cores foi por meio de um estudo com parecer de t\u00e9cnicos de programa\u00e7\u00e3o visual e as cores assinaladas s\u00e3o as que mais se destacam na TV a cores e em publica\u00e7\u00f5es.<\/p>\n<p><strong>HIST\u00d3RIA<\/strong><\/p>\n<p><img loading=\"lazy\" decoding=\"async\" class=\"aligncenter size-full wp-image-80410\" src=\"https:\/\/historiadofutebol.com\/blog\/wp-content\/uploads\/2015\/12\/00-MFC1.jpg\" alt=\"\" width=\"990\" height=\"632\" srcset=\"https:\/\/historiadofutebol.com\/blog\/wp-content\/uploads\/2015\/12\/00-MFC1.jpg 990w, https:\/\/historiadofutebol.com\/blog\/wp-content\/uploads\/2015\/12\/00-MFC1-300x191.jpg 300w, https:\/\/historiadofutebol.com\/blog\/wp-content\/uploads\/2015\/12\/00-MFC1-500x319.jpg 500w\" sizes=\"auto, (max-width: 990px) 100vw, 990px\" \/>Com a participa\u00e7\u00e3o de tr\u00eas equipes, o <strong>Marumby<\/strong> disputou o <strong><em>Torneio de Acesso de 1976<\/em><\/strong>, onde se definiria o 14\u00ba clube que iria integrar a <strong><em>Elite do Futebol Paranaense<\/em><\/strong> naquele ano.<\/p>\n<p><img loading=\"lazy\" decoding=\"async\" class=\"aligncenter size-full wp-image-80413\" src=\"https:\/\/historiadofutebol.com\/blog\/wp-content\/uploads\/2015\/12\/00-MFC4.jpg\" alt=\"\" width=\"992\" height=\"502\" srcset=\"https:\/\/historiadofutebol.com\/blog\/wp-content\/uploads\/2015\/12\/00-MFC4.jpg 992w, https:\/\/historiadofutebol.com\/blog\/wp-content\/uploads\/2015\/12\/00-MFC4-300x151.jpg 300w, https:\/\/historiadofutebol.com\/blog\/wp-content\/uploads\/2015\/12\/00-MFC4-500x253.jpg 500w\" sizes=\"auto, (max-width: 992px) 100vw, 992px\" \/><\/p>\n<p>Contudo, acabou derrotado, <em>no dia 25 de janeiro<\/em>, \u00a0pelo <strong><em>Arapongas Esporte Clube<\/em><\/strong> por 2 a 0, em Curitiba. <strong><em>EC 9 de Julho<\/em><\/strong> e <strong><em>Arapongas<\/em><\/strong> empataram em 0 a 0, em Londrina. Depois, nova derrota, desta vez por goleada de 6 a 0, aplicada pelo <strong><em>Esporte Clube 9 de Julho<\/em><\/strong>, de Corn\u00e9lio Proc\u00f3pio, em Bandeirantes, <em>em 28 de janeiro<\/em>.<\/p>\n<p style=\"text-align: center\" align=\"center\"><strong><span style=\"text-decoration: underline\">CLASSIFICA\u00c7\u00c3O FINAL &#8211; TORNEIO DE ACESSO 1976<\/span><\/strong><\/p>\n<table width=\"693\" border=\"0\" cellspacing=\"0\" cellpadding=\"0\">\n<tbody>\n<tr>\n<td width=\"58\">\n<p align=\"center\"><strong>N\u00ba<\/strong><\/p>\n<\/td>\n<td width=\"170\">\n<p align=\"center\"><strong>PARTICIPANTES<\/strong><\/p>\n<\/td>\n<td width=\"61\">\n<p align=\"center\"><strong>PG<\/strong><\/p>\n<\/td>\n<td width=\"55\">\n<p align=\"center\"><strong>J<\/strong><\/p>\n<\/td>\n<td width=\"56\">\n<p align=\"center\"><strong>V<\/strong><\/p>\n<\/td>\n<td width=\"56\">\n<p align=\"center\"><strong>E<\/strong><\/p>\n<\/td>\n<td width=\"56\">\n<p align=\"center\"><strong>D<\/strong><\/p>\n<\/td>\n<td width=\"61\">\n<p align=\"center\"><strong>GP<\/strong><\/p>\n<\/td>\n<td width=\"61\">\n<p align=\"center\"><strong>GC<\/strong><\/p>\n<\/td>\n<td width=\"61\">\n<p align=\"center\"><strong>SG<\/strong><\/p>\n<\/td>\n<\/tr>\n<tr>\n<td width=\"58\">\n<p align=\"center\">1\u00ba<\/p>\n<\/td>\n<td width=\"170\"><strong>EC 9 de Julho<\/strong><\/td>\n<td width=\"61\">\n<p align=\"center\">3<\/p>\n<\/td>\n<td width=\"55\">\n<p align=\"center\">2<\/p>\n<\/td>\n<td width=\"56\">\n<p align=\"center\">1<\/p>\n<\/td>\n<td width=\"56\">\n<p align=\"center\">1<\/p>\n<\/td>\n<td width=\"56\">\n<p align=\"center\">0<\/p>\n<\/td>\n<td width=\"61\">\n<p align=\"center\">6<\/p>\n<\/td>\n<td width=\"61\">\n<p align=\"center\">0<\/p>\n<\/td>\n<td width=\"61\">\n<p align=\"center\">6<\/p>\n<\/td>\n<\/tr>\n<tr>\n<td width=\"58\">\n<p align=\"center\">2\u00ba<\/p>\n<\/td>\n<td width=\"170\"><strong>Arapongas EC<\/strong><\/td>\n<td width=\"61\">\n<p align=\"center\">3<\/p>\n<\/td>\n<td width=\"55\">\n<p align=\"center\">2<\/p>\n<\/td>\n<td width=\"56\">\n<p align=\"center\">1<\/p>\n<\/td>\n<td width=\"56\">\n<p align=\"center\">1<\/p>\n<\/td>\n<td width=\"56\">\n<p align=\"center\">0<\/p>\n<\/td>\n<td width=\"61\">\n<p align=\"center\">2<\/p>\n<\/td>\n<td width=\"61\">\n<p align=\"center\">0<\/p>\n<\/td>\n<td width=\"61\">\n<p align=\"center\">2<\/p>\n<\/td>\n<\/tr>\n<tr>\n<td width=\"58\">\n<p align=\"center\">3\u00ba<\/p>\n<\/td>\n<td width=\"170\"><strong>Marumby de Futebol<\/strong><\/td>\n<td width=\"61\">\n<p align=\"center\">0<\/p>\n<\/td>\n<td width=\"55\">\n<p align=\"center\">2<\/p>\n<\/td>\n<td width=\"56\">\n<p align=\"center\">0<\/p>\n<\/td>\n<td width=\"56\">\n<p align=\"center\">0<\/p>\n<\/td>\n<td width=\"56\">\n<p align=\"center\">2<\/p>\n<\/td>\n<td width=\"61\">\n<p align=\"center\">0<\/p>\n<\/td>\n<td width=\"61\">\n<p align=\"center\">8<\/p>\n<\/td>\n<td width=\"61\">\n<p align=\"center\">-8<\/p>\n<\/td>\n<\/tr>\n<\/tbody>\n<\/table>\n<p>Sem obter \u00eaxito, o <strong>Marumby<\/strong>, ainda no ano de 1976, disputou o <strong><em>Campeonato Paranaense da Segunda Divis\u00e3o<\/em><\/strong>. Por\u00e9m, mais uma vez a campanha foi aqu\u00e9m do esperado. Ent\u00e3o, com menos de um ano de exist\u00eancia a diretoria tomou a decis\u00e3o radical e encerrou as atividades do <strong>Marumby de Futebol<\/strong>.<\/p>\n<p><img loading=\"lazy\" decoding=\"async\" class=\"aligncenter size-full wp-image-80412\" src=\"https:\/\/historiadofutebol.com\/blog\/wp-content\/uploads\/2015\/12\/00-MFC3.jpg\" alt=\"\" width=\"976\" height=\"1048\" srcset=\"https:\/\/historiadofutebol.com\/blog\/wp-content\/uploads\/2015\/12\/00-MFC3.jpg 976w, https:\/\/historiadofutebol.com\/blog\/wp-content\/uploads\/2015\/12\/00-MFC3-279x300.jpg 279w, https:\/\/historiadofutebol.com\/blog\/wp-content\/uploads\/2015\/12\/00-MFC3-465x500.jpg 465w\" sizes=\"auto, (max-width: 976px) 100vw, 976px\" \/><\/p>\n<p><img loading=\"lazy\" decoding=\"async\" class=\"aligncenter size-full wp-image-80411\" src=\"https:\/\/historiadofutebol.com\/blog\/wp-content\/uploads\/2015\/12\/00-MFC2.jpg\" alt=\"\" width=\"988\" height=\"616\" srcset=\"https:\/\/historiadofutebol.com\/blog\/wp-content\/uploads\/2015\/12\/00-MFC2.jpg 988w, https:\/\/historiadofutebol.com\/blog\/wp-content\/uploads\/2015\/12\/00-MFC2-300x187.jpg 300w, https:\/\/historiadofutebol.com\/blog\/wp-content\/uploads\/2015\/12\/00-MFC2-500x311.jpg 500w\" sizes=\"auto, (max-width: 988px) 100vw, 988px\" \/><\/p>\n<p><strong><em>FONTE: <\/em><\/strong><em>Di\u00e1rio do Paran\u00e1<\/em><\/p>\n","protected":false},"excerpt":{"rendered":"<p>O Marumby de Futebol foi uma agremia\u00e7\u00e3o ef\u00eamera da cidade de Curitiba (PR). O Tricolor (nas cores azul, amarelo e vermelho) foi Fundado no dia 02 de Setembro de 1975, a sua Sede ficava na Rua Dr. Falvre, 1.330\/ 1\u00ba andar \/ Sl. 208, no Centro de Curitiba. A escolha das cores foi por meio [&hellip;]<\/p>\n","protected":false},"author":55,"featured_media":0,"comment_status":"open","ping_status":"closed","sticky":false,"template":"","format":"standard","meta":{"footnotes":""},"categories":[203,132,83,59,3,41],"tags":[],"class_list":["post-80408","post","type-post","status-publish","format-standard","hentry","category-sergio-mello","category-rodrigo-oliveira","category-x9-curiosidades","category-escudos","category-historia-do-futebol","category-parana"],"_links":{"self":[{"href":"https:\/\/historiadofutebol.com\/blog\/index.php?rest_route=\/wp\/v2\/posts\/80408","targetHints":{"allow":["GET"]}}],"collection":[{"href":"https:\/\/historiadofutebol.com\/blog\/index.php?rest_route=\/wp\/v2\/posts"}],"about":[{"href":"https:\/\/historiadofutebol.com\/blog\/index.php?rest_route=\/wp\/v2\/types\/post"}],"author":[{"embeddable":true,"href":"https:\/\/historiadofutebol.com\/blog\/index.php?rest_route=\/wp\/v2\/users\/55"}],"replies":[{"embeddable":true,"href":"https:\/\/historiadofutebol.com\/blog\/index.php?rest_route=%2Fwp%2Fv2%2Fcomments&post=80408"}],"version-history":[{"count":5,"href":"https:\/\/historiadofutebol.com\/blog\/index.php?rest_route=\/wp\/v2\/posts\/80408\/revisions"}],"predecessor-version":[{"id":80440,"href":"https:\/\/historiadofutebol.com\/blog\/index.php?rest_route=\/wp\/v2\/posts\/80408\/revisions\/80440"}],"wp:attachment":[{"href":"https:\/\/historiadofutebol.com\/blog\/index.php?rest_route=%2Fwp%2Fv2%2Fmedia&parent=80408"}],"wp:term":[{"taxonomy":"category","embeddable":true,"href":"https:\/\/historiadofutebol.com\/blog\/index.php?rest_route=%2Fwp%2Fv2%2Fcategories&post=80408"},{"taxonomy":"post_tag","embeddable":true,"href":"https:\/\/historiadofutebol.com\/blog\/index.php?rest_route=%2Fwp%2Fv2%2Ftags&post=80408"}],"curies":[{"name":"wp","href":"https:\/\/api.w.org\/{rel}","templated":true}]}}