{"id":79487,"date":"2015-11-23T02:04:49","date_gmt":"2015-11-23T04:04:49","guid":{"rendered":"https:\/\/historiadofutebol.com\/blog\/?p=79487"},"modified":"2015-11-23T02:04:49","modified_gmt":"2015-11-23T04:04:49","slug":"gremio-esportivo-zivi-porto-alegre-rs-fundado-em-1948","status":"publish","type":"post","link":"https:\/\/historiadofutebol.com\/blog\/?p=79487","title":{"rendered":"Gr\u00eamio Esportivo Zivi &#8211; Porto Alegre (RS): Fundado em 1948"},"content":{"rendered":"<p><img loading=\"lazy\" decoding=\"async\" class=\"aligncenter size-large wp-image-79489\" src=\"https:\/\/historiadofutebol.com\/blog\/wp-content\/uploads\/2015\/11\/325-500x365.jpg\" alt=\"\" width=\"500\" height=\"365\" srcset=\"https:\/\/historiadofutebol.com\/blog\/wp-content\/uploads\/2015\/11\/325-500x365.jpg 500w, https:\/\/historiadofutebol.com\/blog\/wp-content\/uploads\/2015\/11\/325-300x219.jpg 300w, https:\/\/historiadofutebol.com\/blog\/wp-content\/uploads\/2015\/11\/325.jpg 1040w\" sizes=\"auto, (max-width: 500px) 100vw, 500px\" \/><\/p>\n<p>O <strong>Gr\u00eamio Esportivo Zivi<\/strong> foi uma agremia\u00e7\u00e3o da Cidade de Porto Alegre (RS). O Clube <strong><em>portoalegrense<\/em><\/strong> foi <strong>Fundado no dia 07 de Janeiro de 1948<\/strong>. Quatro anos depois, o <strong>Zivi<\/strong> se filiou \u00e0 <strong><em>Federa\u00e7\u00e3o Rio-Grandense de Futebool (FRGF<\/em>)<\/strong>, em 22 de janeiro de 1952.<\/p>\n","protected":false},"excerpt":{"rendered":"<p>O Gr\u00eamio Esportivo Zivi foi uma agremia\u00e7\u00e3o da Cidade de Porto Alegre (RS). O Clube portoalegrense foi Fundado no dia 07 de Janeiro de 1948. Quatro anos depois, o Zivi se filiou \u00e0 Federa\u00e7\u00e3o Rio-Grandense de Futebool (FRGF), em 22 de janeiro de 1952.<\/p>\n","protected":false},"author":55,"featured_media":0,"comment_status":"open","ping_status":"closed","sticky":false,"template":"","format":"standard","meta":{"footnotes":""},"categories":[203,743,59,3,46],"tags":[],"class_list":["post-79487","post","type-post","status-publish","format-standard","hentry","category-sergio-mello","category-douglas-marcelo-rambor","category-escudos","category-historia-do-futebol","category-rg-do-sul"],"_links":{"self":[{"href":"https:\/\/historiadofutebol.com\/blog\/index.php?rest_route=\/wp\/v2\/posts\/79487","targetHints":{"allow":["GET"]}}],"collection":[{"href":"https:\/\/historiadofutebol.com\/blog\/index.php?rest_route=\/wp\/v2\/posts"}],"about":[{"href":"https:\/\/historiadofutebol.com\/blog\/index.php?rest_route=\/wp\/v2\/types\/post"}],"author":[{"embeddable":true,"href":"https:\/\/historiadofutebol.com\/blog\/index.php?rest_route=\/wp\/v2\/users\/55"}],"replies":[{"embeddable":true,"href":"https:\/\/historiadofutebol.com\/blog\/index.php?rest_route=%2Fwp%2Fv2%2Fcomments&post=79487"}],"version-history":[{"count":1,"href":"https:\/\/historiadofutebol.com\/blog\/index.php?rest_route=\/wp\/v2\/posts\/79487\/revisions"}],"predecessor-version":[{"id":79490,"href":"https:\/\/historiadofutebol.com\/blog\/index.php?rest_route=\/wp\/v2\/posts\/79487\/revisions\/79490"}],"wp:attachment":[{"href":"https:\/\/historiadofutebol.com\/blog\/index.php?rest_route=%2Fwp%2Fv2%2Fmedia&parent=79487"}],"wp:term":[{"taxonomy":"category","embeddable":true,"href":"https:\/\/historiadofutebol.com\/blog\/index.php?rest_route=%2Fwp%2Fv2%2Fcategories&post=79487"},{"taxonomy":"post_tag","embeddable":true,"href":"https:\/\/historiadofutebol.com\/blog\/index.php?rest_route=%2Fwp%2Fv2%2Ftags&post=79487"}],"curies":[{"name":"wp","href":"https:\/\/api.w.org\/{rel}","templated":true}]}}