{"id":78826,"date":"2015-11-02T02:34:35","date_gmt":"2015-11-02T04:34:35","guid":{"rendered":"https:\/\/historiadofutebol.com\/blog\/?p=78826"},"modified":"2015-11-02T02:34:35","modified_gmt":"2015-11-02T04:34:35","slug":"municipal-futebol-clube-de-paqueta-rio-de-janeiro-rj-escudo-e-uniforme-dos-anos-40-50","status":"publish","type":"post","link":"https:\/\/historiadofutebol.com\/blog\/?p=78826","title":{"rendered":"Municipal Futebol Clube, de Paquet\u00e1 &#8211; Rio de Janeiro (RJ): Escudo e uniforme dos anos 40-50"},"content":{"rendered":"<p><img loading=\"lazy\" decoding=\"async\" class=\"aligncenter size-large wp-image-78828\" src=\"https:\/\/historiadofutebol.com\/blog\/wp-content\/uploads\/2015\/11\/45-500x342.jpg\" alt=\"\" width=\"500\" height=\"342\" srcset=\"https:\/\/historiadofutebol.com\/blog\/wp-content\/uploads\/2015\/11\/45-500x342.jpg 500w, https:\/\/historiadofutebol.com\/blog\/wp-content\/uploads\/2015\/11\/45-300x205.jpg 300w, https:\/\/historiadofutebol.com\/blog\/wp-content\/uploads\/2015\/11\/45.jpg 1086w\" sizes=\"auto, (max-width: 500px) 100vw, 500px\" \/><\/p>\n<p><em>O <strong>Municipal Futebol Clube<\/strong> \u00e9 uma agremia\u00e7\u00e3o da cidade do Rio de Janeiro (RJ). A sua <\/em><em><strong>Sede<\/strong><\/em><em> e o seu <\/em><em><strong>Est\u00e1dio Alfredo Ribeiro dos Santos<\/strong><\/em><em> ficam localizados na <\/em><em>Rua Adelaide Alambari, n\u00ba 85, no Campo de S\u00e3o Roque, na ilha de Paquet\u00e1, buc\u00f3lico e apraz\u00edvel bairro carioca<\/em><em>, <\/em><em>na<\/em><em> <\/em><em>Zona Central do Rio<\/em><em>.<\/em><\/p>\n<p><img loading=\"lazy\" decoding=\"async\" class=\"aligncenter size-medium wp-image-78827\" src=\"https:\/\/historiadofutebol.com\/blog\/wp-content\/uploads\/2015\/11\/32-300x154.jpg\" alt=\"\" width=\"300\" height=\"154\" srcset=\"https:\/\/historiadofutebol.com\/blog\/wp-content\/uploads\/2015\/11\/32-300x154.jpg 300w, https:\/\/historiadofutebol.com\/blog\/wp-content\/uploads\/2015\/11\/32-500x257.jpg 500w, https:\/\/historiadofutebol.com\/blog\/wp-content\/uploads\/2015\/11\/32.jpg 528w\" sizes=\"auto, (max-width: 300px) 100vw, 300px\" \/><\/p>\n<p><em><strong>Fundado no dia 13 de Junho de 1918<\/strong><\/em><em>, por <\/em><em>Rodolpho Alves, Alfredo Ribeiro dos Santos, Job da Silva Rosa, Jos\u00e9 Ferreira e Jo\u00e3o Fernandes Hermidu<\/em><em>. Tendo a grande maioria dos seus fundadores torcedores do <\/em><em><strong>Am\u00e9rica<\/strong><\/em><em>, a escolha das cores <\/em><em>(vermelho e branco) <\/em><em>e o escudo <\/em><em>(similar ao Mec\u00e3o, tendo uma \u00fanica mudan\u00e7a: a letra &#8216;M&#8217; ao inv\u00e9s da &#8216;A) <\/em><em>foi inspirada no clube <\/em><em>Heptacampe\u00e3o carioca<\/em><em>.<\/em><\/p>\n<p><img loading=\"lazy\" decoding=\"async\" class=\"aligncenter size-full wp-image-78829\" src=\"https:\/\/historiadofutebol.com\/blog\/wp-content\/uploads\/2015\/11\/I0083323-3Alt005601Lar003804LargOri005072AltOri007468.jpg\" alt=\"\" width=\"1776\" height=\"1372\" srcset=\"https:\/\/historiadofutebol.com\/blog\/wp-content\/uploads\/2015\/11\/I0083323-3Alt005601Lar003804LargOri005072AltOri007468.jpg 1776w, https:\/\/historiadofutebol.com\/blog\/wp-content\/uploads\/2015\/11\/I0083323-3Alt005601Lar003804LargOri005072AltOri007468-300x231.jpg 300w, https:\/\/historiadofutebol.com\/blog\/wp-content\/uploads\/2015\/11\/I0083323-3Alt005601Lar003804LargOri005072AltOri007468-500x386.jpg 500w\" sizes=\"auto, (max-width: 1776px) 100vw, 1776px\" \/><\/p>\n<p><em>Possui grande tradi\u00e7\u00e3o no futebol amador carioca, sendo o campe\u00e3o do 1\u00ba <\/em><em><strong>Torneio de Futebol Amador do Estado da Guanabara<\/strong><\/em><em>. Foi campe\u00e3o por diversas vezes do antigo <\/em><em><strong>Departamento Aut\u00f4nomo<\/strong><\/em><em>, hoje chamado de <\/em><em><strong>Campeonato Amador<\/strong><\/em><em>, promovido pela <\/em><em><strong>Ferj<\/strong><\/em><em>.<\/em><\/p>\n<p><em>O seu campo \u00e9 conhecido como a \u201c<\/em><em><strong>Pra\u00e7a de Esportes Alfredo Ribeiro dos Santos<\/strong><\/em><em>\u201d, o popular Alfredo Brasil, como homenagem dos moradores da ilha a esse antigo benem\u00e9rito que durante muitos anos chefiou o Departamento de Conserva\u00e7\u00e3o de Paquet\u00e1.<\/em><\/p>\n<p><em>O primeiro time do <\/em><em><strong>Municipal F. C.<\/strong><\/em><em> tinha a seguinte forma\u00e7\u00e3o: <\/em><em>Jos\u00e9 Ferreira, Jo\u00e3o Fernandes Hermidu, e Minas \u201ccrioulo\u201d, Dipasso, Roque e Reginaldo, Alfredo, Moleque, Antonio Guimar\u00e3es, Jos\u00e9 \u201cdas \u00c1guas\u201d e Pituca<\/em><em>.<\/em><\/p>\n<p><em><img loading=\"lazy\" decoding=\"async\" class=\"aligncenter size-medium wp-image-78830\" src=\"https:\/\/historiadofutebol.com\/blog\/wp-content\/uploads\/2015\/11\/65-300x193.jpg\" alt=\"\" width=\"300\" height=\"193\" srcset=\"https:\/\/historiadofutebol.com\/blog\/wp-content\/uploads\/2015\/11\/65-300x193.jpg 300w, https:\/\/historiadofutebol.com\/blog\/wp-content\/uploads\/2015\/11\/65-500x323.jpg 500w, https:\/\/historiadofutebol.com\/blog\/wp-content\/uploads\/2015\/11\/65.jpg 1146w\" sizes=\"auto, (max-width: 300px) 100vw, 300px\" \/><\/em><\/p>\n<p><em><strong>T\u00edtulos do Municipal de Paquet\u00e1<\/strong><\/em><\/p>\n<p><em>1965 \u2013 Departamento Aut\u00f4nomo \u2013 Campe\u00e3o de Aspirantes (S\u00e9rie Eudom\u00edlio Aleluia de Almeida)<\/em><\/p>\n<p><em>1967 \u2013 Departamento Aut\u00f4nomo \u2013 Campe\u00e3o de Adultos (S\u00e9rie Deputado Jamil Amilden)<\/em><\/p>\n<p><em>1968 \u2013 Departamento Aut\u00f4nomo \u2013 Vice-campe\u00e3o de Adultos (S\u00e9rie Deputado Sitorino James)<\/em><\/p>\n<p><em>1972 \u2013 Departamento Aut\u00f4nomo \u2013 Vice-campe\u00e3o de Juvenil (Divis\u00e3o Especial)<\/em><\/p>\n<p><em>1977 \u2013 Departamento Aut\u00f4nomo \u2013 Campe\u00e3o de Juvenil (Grupo \u201cB\u201d)<\/em><\/p>\n<p><em>1996 \u2013 Departamento Aut\u00f4nomo \u2013 Campe\u00e3o de Adultos<\/em><\/p>\n<p><em>1997 \u2013 Departamento Aut\u00f4nomo \u2013 Vice-campe\u00e3o de Juniores<\/em><\/p>\n<p>&nbsp;<\/p>\n<p><strong>\u00a0<\/strong><em><strong><span style=\"text-decoration: underline\">FONTES<\/span><\/strong><\/em><em><strong>:<\/strong><\/em><em> Correio da Manh\u00e3 &#8211; https:\/\/ilhadepaqueta.wordpress.com\/<\/em><\/p>\n<p>&nbsp;<\/p>\n","protected":false},"excerpt":{"rendered":"<p>O Municipal Futebol Clube \u00e9 uma agremia\u00e7\u00e3o da cidade do Rio de Janeiro (RJ). A sua Sede e o seu Est\u00e1dio Alfredo Ribeiro dos Santos ficam localizados na Rua Adelaide Alambari, n\u00ba 85, no Campo de S\u00e3o Roque, na ilha de Paquet\u00e1, buc\u00f3lico e apraz\u00edvel bairro carioca, na Zona Central do Rio. Fundado no dia [&hellip;]<\/p>\n","protected":false},"author":55,"featured_media":0,"comment_status":"open","ping_status":"closed","sticky":false,"template":"","format":"standard","meta":{"footnotes":""},"categories":[203,189,83,59,3,47],"tags":[],"class_list":["post-78826","post","type-post","status-publish","format-standard","hentry","category-sergio-mello","category-toninho-sereno","category-x9-curiosidades","category-escudos","category-historia-do-futebol","category-rio-de-janeiro"],"_links":{"self":[{"href":"https:\/\/historiadofutebol.com\/blog\/index.php?rest_route=\/wp\/v2\/posts\/78826","targetHints":{"allow":["GET"]}}],"collection":[{"href":"https:\/\/historiadofutebol.com\/blog\/index.php?rest_route=\/wp\/v2\/posts"}],"about":[{"href":"https:\/\/historiadofutebol.com\/blog\/index.php?rest_route=\/wp\/v2\/types\/post"}],"author":[{"embeddable":true,"href":"https:\/\/historiadofutebol.com\/blog\/index.php?rest_route=\/wp\/v2\/users\/55"}],"replies":[{"embeddable":true,"href":"https:\/\/historiadofutebol.com\/blog\/index.php?rest_route=%2Fwp%2Fv2%2Fcomments&post=78826"}],"version-history":[{"count":2,"href":"https:\/\/historiadofutebol.com\/blog\/index.php?rest_route=\/wp\/v2\/posts\/78826\/revisions"}],"predecessor-version":[{"id":78832,"href":"https:\/\/historiadofutebol.com\/blog\/index.php?rest_route=\/wp\/v2\/posts\/78826\/revisions\/78832"}],"wp:attachment":[{"href":"https:\/\/historiadofutebol.com\/blog\/index.php?rest_route=%2Fwp%2Fv2%2Fmedia&parent=78826"}],"wp:term":[{"taxonomy":"category","embeddable":true,"href":"https:\/\/historiadofutebol.com\/blog\/index.php?rest_route=%2Fwp%2Fv2%2Fcategories&post=78826"},{"taxonomy":"post_tag","embeddable":true,"href":"https:\/\/historiadofutebol.com\/blog\/index.php?rest_route=%2Fwp%2Fv2%2Ftags&post=78826"}],"curies":[{"name":"wp","href":"https:\/\/api.w.org\/{rel}","templated":true}]}}