{"id":77737,"date":"2015-10-09T15:41:34","date_gmt":"2015-10-09T18:41:34","guid":{"rendered":"https:\/\/historiadofutebol.com\/blog\/?p=77737"},"modified":"2015-10-09T15:42:52","modified_gmt":"2015-10-09T18:42:52","slug":"america-football-club-fortaleza-ce-escudo-e-uniforme-de-1967","status":"publish","type":"post","link":"https:\/\/historiadofutebol.com\/blog\/?p=77737","title":{"rendered":"Am\u00e9rica Football Club &#8211; Fortaleza (CE): Escudo e uniforme de 1967"},"content":{"rendered":"<p><img loading=\"lazy\" decoding=\"async\" class=\"aligncenter size-large wp-image-77738\" src=\"https:\/\/historiadofutebol.com\/blog\/wp-content\/uploads\/2015\/10\/02-AFC-500x348.jpg\" alt=\"\" width=\"500\" height=\"348\" srcset=\"https:\/\/historiadofutebol.com\/blog\/wp-content\/uploads\/2015\/10\/02-AFC-500x348.jpg 500w, https:\/\/historiadofutebol.com\/blog\/wp-content\/uploads\/2015\/10\/02-AFC-300x209.jpg 300w, https:\/\/historiadofutebol.com\/blog\/wp-content\/uploads\/2015\/10\/02-AFC.jpg 1090w\" sizes=\"auto, (max-width: 500px) 100vw, 500px\" \/><\/p>\n<p><em>O <\/em><span style=\"color: #ff0000\"><em><strong>Am\u00e9rica Football Club<\/strong><\/em><\/span><em> \u00e9 uma agremia\u00e7\u00e3o da cidade de <\/em><em>Fortaleza<\/em><em> (<\/em><em>CE<\/em><em>). O <\/em><span style=\"color: #ff0000\"><em><strong>Mec\u00e3o<\/strong><\/em><\/span><em> foi <span style=\"color: #ff0000\"><strong>Fundado no dia 11 de Novembro de 1920<\/strong><\/span>, e possui a sua <\/em><span style=\"color: #ff0000\"><em><strong>Sede<\/strong><\/em><\/span><em> na <\/em><span style=\"color: #ff0000\"><em><strong>Rua<\/strong><\/em><em><strong> Monsenhor Bruno, 1<\/strong><\/em><em><strong>.<\/strong><\/em><em><strong>341<\/strong><\/em><em><strong>, no Bairro<\/strong><\/em><em><strong> Meireles<\/strong><\/em><em><strong>, em <\/strong><\/em><em><strong>Fortaleza<\/strong><\/em><\/span><em>. Acima, o <\/em><em>escudo e uniforme<\/em><em> do <strong>Am\u00e9rica<\/strong> em <\/em><em>1967<\/em><em>, um ano depois de conquistar o <\/em><em><strong>Bicampeonato Cearense de futebol<\/strong><\/em><em> <\/em><em><strong>(1936 e 1966)<\/strong><\/em><em>.<\/em><\/p>\n<p><span style=\"color: #ff0000\">\u00a0<strong>HIST\u00d3RIA<\/strong><\/span><\/p>\n<p>Enquanto o time principal do <strong><em>Cear\u00e1<\/em><\/strong>\u00a0conquistava todos os t\u00edtulos na categoria que disputava, havia desde 1916, disputando e ganhando os campeonatos, a categoria infanto-juvenil, que apesar da conquista do\u00a0 tetra-campeonato em 1919, os garotos alvinegros n\u00e3o tinham espa\u00e7o nos treinamentos, nas reuni\u00f5es e nas comemora\u00e7\u00f5es dos adultos.<\/p>\n<p>Cansados desse tratamento, em 1920 eles marcaram uma reuni\u00e3o em 11 de novembro, na casa do l\u00edder do movimento \u2013\u00a0<em>Juvenal Pompeu Magalh\u00e3es<\/em>, quando se discutiu acaloradamente o tema e, ao final, por unanimidade, ficou certa a dissid\u00eancia com todo o grupo infanto-juvenil deixando o <strong><em>Cear\u00e1 Sporting Club<\/em><\/strong> e, como conseq\u00fc\u00eancia, criando um novo clube a partir daquele dia, sendo decidido na ocasi\u00e3o, as cores de sua camisa, o seu presidente e que seu nome seria <span style=\"color: #ff0000\"><strong>Am\u00e9rica Football Club<\/strong>.<\/span><\/p>\n<p>O grupo fundador tinha Acr\u00edsio Faria de Miranda, Alu\u00edsio Gondim Ribeiro, An\u00edbal C\u00e2mara Bonfim, Dagoberto Rodrigues, Antonio Ben\u00edcio Gir\u00e3o, Miguel Aguiar Pican\u00e7o Filho, Crisanto Moreira da Rocha, al\u00e9m do pr\u00f3prio Juvenal Pompeu.<\/p>\n<p>O <span style=\"color: #ff0000\"><strong><em>1\u00ba presidente<\/em><\/strong><\/span>, escolhido por unanimidade, foi <span style=\"color: #ff0000\"><strong><em>Acr\u00edsio Faria de Miranda<\/em><\/strong><\/span>, que depois se tornaria pol\u00edtico de renome e import\u00e2ncia na hist\u00f3ria do nosso Estado.<\/p>\n<p>Na \u00e9poca da funda\u00e7\u00e3o do <span style=\"color: #ff0000\"><strong>Am\u00e9rica Football Club<\/strong><\/span>, a popula\u00e7\u00e3o do Cear\u00e1 era de <em>1. 315. 828 habitantes<\/em> e da capital era de <em>78.221 habitantes<\/em>. O Governador do estado era Justiniano de Serpa, o prefeito de Fortaleza era Rubens Monte e o a Acebispo de Fortaleza era D. Manuel da Silva Gomes.<\/p>\n<p><span style=\"color: #ff0000\"><strong>GRANDES ATLETAS<\/strong><\/span><\/p>\n<p>Na opini\u00e3o dos historiadores do futebol brasileiro, o maior atleta canhoto de todos os tempos foi <em>Canhoteiro<\/em>, que jogou pelo <strong>Am\u00e9rica<\/strong>, saindo daqui para o <strong><em>S\u00e3o Paulo<\/em><\/strong> e de l\u00e1 para a<strong><em> Sele\u00e7\u00e3o Brasileira<\/em><\/strong>. Tamb\u00e9m\u00a0<em>Geroldo<\/em>, na d\u00e9cada de 50, jogou no <strong><em>Sport Recife<\/em><\/strong> e na <strong><em>Sele\u00e7\u00e3o Brasileira<\/em><\/strong>.<\/p>\n<p>Al\u00e9m deles <em>Mundico<\/em>, um dos maiores goleadores da nossa hist\u00f3ria, <em>Zeca Alencar<\/em> que chegou ao <strong><em>Palmeiras<\/em><\/strong> e \u00e0 <strong><em>Sele\u00e7\u00e3o Brasileira<\/em><\/strong>, <em>Alo\u00edsio Linhares<\/em>, <em>Pedrinho<\/em>, <em>Luciano Frota<\/em>, <em>Luciano Diogo<\/em>, <em>C\u00edcero<\/em>, <em>Fernando Carlos<\/em>, <em>Mozarzinho<\/em>, <em>Fernandinho<\/em>, <em>Ba\u00edbe<\/em>, <em>Loril<\/em>, <em>Ninoso<\/em>, <em>Vilanova<\/em>, <em>Osmar<\/em>, <em>Pinha<\/em>, <em>Ribeiro<\/em> e centenas de outros.<\/p>\n<p><span style=\"color: #ff0000\"><strong>\u00a0GRANDES DIRIGENTES<\/strong><\/span><\/p>\n<p>Desde a sua funda\u00e7\u00e3o, em 1920, passaram pelo <strong>Am\u00e9rica<\/strong>, como dirigentes, muitos nomes ilustres, que dignificam a nossa hist\u00f3ria. A come\u00e7ar por Juvenal Pompeu e continuando com Jos\u00e9\u00a0Lino da Silveira, A\u00e9cio de Borba Vasconcelos, Marc\u00edlio Braune, L\u00edvio correia Amaro, Jos\u00e9 de Borba, Vl\u00e1dine Pompeu, Jo\u00e3o Ramos de Carvalho, Cl\u00e1udio Vilela Lima, Galba Gomes Gurgel, Jos\u00e9 Xerez, Herialdo Maia Cunha, Jos\u00e9 Chagas de Oliveira, Mileide Morais, Gianpaolo Damasceno, Alberto Damasceno e muitos outros.<\/p>\n<p><span style=\"color: #ff0000\"><strong>VANGUARDA<\/strong><\/span><\/p>\n<p>Amparado pela <em>Lei Zico<\/em>, o <span style=\"color: #ff0000\"><strong>Am\u00e9rica<\/strong><\/span> foi um dos primeiros clubes no Brasil a desmembrar do restante das atividades, a pr\u00e1tica do futebol profissional e amador. Por decis\u00e3o un\u00e2nime dos seus dirigentes, transferiu direitos e deveres da pr\u00e1tica futebol\u00edstica para empresa criada com esta finalidade, denominada de <span style=\"color: #ff0000\"><strong><em>AM\u00c9RICA FUTEBOL COM\u00c9RCIO IND\u00daSTRIA LTDA<\/em><\/strong><\/span>, que a partir de 1922 passou a administrar o futebol americano, completamente livre para faz\u00ea-lo, sem qualquer interveni\u00eancia do antigo clube. Essa decis\u00e3o\u00a0ganhou divulga\u00e7\u00e3o pelo seu pioneirismo de inovar no esporte mais praticado no Brasil e estimulou outros clubes a tomarem caminho semelhante<\/p>\n<p><span style=\"color: #ff0000\"><strong>\u00a0COM\u00c9RCIO EXTERIOR<\/strong><\/span><\/p>\n<p>Mesmo n\u00e3o trabalhando com atletas famosos e caros, o novo Am\u00e9rica buscou colocar os jovens valores com que trabalhava no mercado externo do Brasil, cedendo jogadores para clubes da Europa, \u00c1sia, \u00c1frica e das Am\u00e9ricas, abrindo um caminho por onde viajaram mais de uma centena de jovens.<\/p>\n<p>Como equipe de futebol, ainda hoje det\u00e9m, com muita honra, o privil\u00e9gio de haver sido o time cearense que mais jogou fora do Brasil, registrando inclusive, resultados honrosos, como a vit\u00f3ria por 1 a 0 sobre a <strong><em>sele\u00e7\u00e3o Nacional da Guiana Francesa<\/em><\/strong> e o empate sem gols com a <strong><em>sele\u00e7\u00e3o de Trinidad e Tobago<\/em><\/strong>, na gest\u00e3o do Dr. Vl\u00e1dine Pompeu.<\/p>\n<p><span style=\"color: #ff0000\"><em><strong>BICAMPE\u00c3O CEARENSE<\/strong><\/em><\/span><em><strong><\/strong><\/em><\/p>\n<p><em>O seu maior feito ocorreu entre as d\u00e9cadas de 30 e 60. Quando se sagrou <\/em><em><strong>Bicampe\u00e3o do Campeonato Cearense em <\/strong><\/em><em><strong>1935 e 1966<\/strong><\/em><em>.<\/em><em> <\/em><em>O Am\u00e9rica foi perdendo terreno e prestigio at\u00e9 que em <\/em><em><strong>1997<\/strong><\/em><em> acabou rebaixado para <\/em><em><strong>Segunda Divis\u00e3o<\/strong><\/em><em><strong> <\/strong><\/em><em>e, em <\/em><em><strong>2004<\/strong><\/em><em>, nova queda, desta vez para a <\/em><em><strong>Terceirona Cearense<\/strong><\/em><em>. \u00a0<\/em><\/p>\n<p><em>Contudo, em <\/em><em>2013<\/em><em>, o Mec\u00e3o sagrou-se campe\u00e3o<\/em><em>.<\/em><em> <\/em><em>Atualmente o clube disputa a <strong>S\u00e9rie B <\/strong><\/em><em><strong>C<\/strong><\/em><em><strong>earense<\/strong><\/em><em>. <\/em><em>O hist\u00f3rico ex-presidente do clube, o jornalista e radialista Alberto Damasceno, ap\u00f3s 23 anos no cargo, foi substitu\u00eddo por seu filho, Jean Paolo Damasceno, no fim dos anos 2000.<\/em><em> <\/em><em>Em 2009 o clube passou para as m\u00e3os do atual presidente Cleston Sousa Santos.<\/em><\/p>\n<p><em>Recentemente, o clube ganhou espa\u00e7o no notici\u00e1rio nacional por conta da contrata\u00e7\u00e3o do jogador M\u00e1rio Jardel, cearense que j\u00e1 vestiu a camisa de grandes clubes, do Brasil e do exterior, como o <strong>CR Vasco da Gama<\/strong>, <strong>Gr\u00eamio FBPA<\/strong>, <strong>FC Porto<\/strong>, <strong>Sporting CP<\/strong>, Galatasaray, chegando inclusive a ser convocado para a <strong>sele\u00e7\u00e3o brasileira<\/strong>.<\/em><\/p>\n<p><span style=\"color: #ff0000\"><em><strong>CURIOSIDADES<\/strong><\/em><\/span><em><strong><\/strong><\/em><\/p>\n<p><em>\u00a0<\/em><em>No <\/em><em><strong>F<\/strong><\/em><em><strong>utsal<\/strong><\/em><em>, mesmo estando ausente do campeonato adulto desde 1969, ainda permanece como o segundo clube a ter mais t\u00edtulos <\/em><em>com <\/em><em><strong>oito conquistas<\/strong><\/em><em>: <\/em><strong><em>1955, 1961, 1964, 1965, 1966, 1967, 1968 e 1969<\/em><\/strong><em>.<\/em><em> O mascote do <strong>Am\u00e9rica<\/strong> \u00e9 a <\/em><em><strong>\u00c1guia<\/strong><\/em><em>, que a partir da d\u00e9cada de 1990 virou o mascote oficial do clube, em substitui\u00e7\u00e3o ao <\/em><em>Diabo<\/em><em>, o mascote anterior.\u00a0<\/em><em>As cores do uniforme do <\/em><span style=\"color: #ff0000\"><strong>Am\u00e9rica<\/strong><\/span><em> s\u00e3o o <span style=\"color: #ff0000\">vermelho<\/span> e o branco, sendo que o <strong>1\u00ba uniforme<\/strong> consiste de camisa, short e mei\u00f5es <span style=\"color: #ff0000\">vermelhos<\/span>. O <strong>2\u00ba uniforme<\/strong> \u00e9 inteiramente na cor branca.<\/em><\/p>\n<p><img loading=\"lazy\" decoding=\"async\" class=\"aligncenter size-full wp-image-77739\" src=\"https:\/\/historiadofutebol.com\/blog\/wp-content\/uploads\/2015\/10\/01-AFC1.jpg\" alt=\"\" width=\"2356\" height=\"1776\" srcset=\"https:\/\/historiadofutebol.com\/blog\/wp-content\/uploads\/2015\/10\/01-AFC1.jpg 2356w, https:\/\/historiadofutebol.com\/blog\/wp-content\/uploads\/2015\/10\/01-AFC1-300x226.jpg 300w, https:\/\/historiadofutebol.com\/blog\/wp-content\/uploads\/2015\/10\/01-AFC1-500x376.jpg 500w\" sizes=\"auto, (max-width: 2356px) 100vw, 2356px\" \/><em>\u00a0<\/em><em><strong>T\u00cdTULOS<\/strong><\/em><\/p>\n<p><em>Campeonato Cearense: 1935 e 1966.<\/em><\/p>\n<p><em>Campeonato Cearense &#8211; Terceira Divis\u00e3o: 2013<\/em><\/p>\n<p><em>Torneio In\u00edcio do Cear\u00e1: 6 vezes (1924, 1950, 1956, 1957, 1963 e 1970).<\/em><\/p>\n<p><em>Campe\u00e3o Cearense Aspirante: 1937, 1939 e 1948<\/em><\/p>\n<p><em>Campe\u00e3o Cearense Infantil : 1921, 1922 e 1940<\/em><\/p>\n<p><em>Campe\u00e3o Cearense Juvenil : 1933<\/em><\/p>\n<p><em>Vice-Campe\u00e3o Cearense: 1933, 1934, 1940, 1943, 1948, 1954<\/em><\/p>\n<p><em>Ta\u00e7a Brasil Norte: 1967.<\/em><\/p>\n<p><em>Vice-Campe\u00e3o Cearense Aspirante: 1949<\/em><\/p>\n<p><em>Vice-Campe\u00e3o Cearense Infantil : 1925, 1928<\/em><\/p>\n<p><em>Vice-Campe\u00e3o Cearense Juvenil : 1929<\/em><\/p>\n<p><em>\u00a0<\/em><\/p>\n<p><span style=\"color: #ff0000\"><em><strong>PARTICIPA\u00c7\u00d5ES NOS ESTADUAIS<\/strong><\/em><\/span><\/p>\n<p><em>Primeira Divis\u00e3o: 1921 a 1927, 1933 a 1935, 1938, 1940 a 1942, 1948 a 1997.<\/em><\/p>\n<p><em>Segunda Divis\u00e3o: 1998 a 2004 2014-atual.<\/em><\/p>\n<p><em>Terceira Divis\u00e3o: 2005 a 2013.<\/em><em><\/em><\/p>\n<p><em>\u00a0<\/em><\/p>\n<p><span style=\"color: #ff0000\"><strong><em><span style=\"text-decoration: underline\">HINO: AM\u00c9RICA F.C.<\/span><\/em><\/strong><\/span><\/p>\n<p><span style=\"color: #ff0000\">\u00a0<em>Am\u00e9rica, Am\u00e9rica, Am\u00e9rica<\/em><\/span><\/p>\n<p><span style=\"color: #ff0000\"><em>O grande amor de todos n\u00f3s<\/em><\/span><\/p>\n<p><span style=\"color: #ff0000\"><em>Rumo certo de nossas crian\u00e7as<\/em><\/span><\/p>\n<p><span style=\"color: #ff0000\"><em>Orgulho de nossos av\u00f3s<\/em><\/span><\/p>\n<p><span style=\"color: #ff0000\"><em>Tua hist\u00f3ria come\u00e7a juvenil<\/em><\/span><\/p>\n<p><span style=\"color: #ff0000\"><em>O futuro projeta vit\u00f3rias mil<\/em><\/span><\/p>\n<p><span style=\"color: #ff0000\"><em>Tu \u00e9s orgulho cearense<\/em><\/span><\/p>\n<p><span style=\"color: #ff0000\"><em>Tu \u00e9s orgulho do Brasil<\/em><\/span><\/p>\n<p><span style=\"color: #ff0000\"><em>Cada esporte praticado<\/em><\/span><\/p>\n<p><span style=\"color: #ff0000\"><em>Cada t\u00edtulo conquistado<\/em><\/span><\/p>\n<p><span style=\"color: #ff0000\"><em>Enobrece o teu presente<\/em><\/span><\/p>\n<p><span style=\"color: #ff0000\"><em>Fortalece o teu passado<\/em><\/span><\/p>\n<p><span style=\"color: #ff0000\"><em>Am\u00e9rica que todos amam<\/em><\/span><\/p>\n<p><span style=\"color: #ff0000\"><em>Clube forte e varonil<\/em><\/span><\/p>\n<p><span style=\"color: #ff0000\"><em>Tu \u00e9s orgulho cearense<\/em><\/span><\/p>\n<p><span style=\"color: #ff0000\"><em>Tu \u00e9s orgulho do Brasil<\/em><\/span><\/p>\n<p><span style=\"color: #ff0000\"><em>Tua cor \u00e9 vermelho forte<\/em><\/span><\/p>\n<p><span style=\"color: #ff0000\"><em>Est\u00edmulo para os atletas<\/em><\/span><\/p>\n<p><span style=\"color: #ff0000\"><em>O lema \u00e9 \u201cPaz no Esporte\u201d<\/em><\/span><\/p>\n<p><span style=\"color: #ff0000\"><em>Da escola, o brado de alerta<\/em><\/span><\/p>\n<p><span style=\"color: #ff0000\"><em>Am\u00e9rica, meu, seu, de todos n\u00f3s<\/em><\/span><\/p>\n<p><span style=\"color: #ff0000\"><em>Am\u00e9rica, Am\u00e9rica, Am\u00e9rica<\/em><\/span><\/p>\n<p><span style=\"color: #ff0000\"><em>Tu \u00e9s orgulho cearense<\/em><\/span><\/p>\n<p><span style=\"color: #ff0000\"><em>Tu \u00e9s orgulho do Brasil<\/em><\/span><\/p>\n<p><span style=\"color: #ff0000\"><em>HinoAm\u00e9rica, Am\u00e9rica, Am\u00e9rica<\/em><\/span><\/p>\n<p><span style=\"color: #ff0000\"><em>O grande amor de todos n\u00f3s<\/em><\/span><\/p>\n<p><span style=\"color: #ff0000\"><em>Rumo certo de nossas crian\u00e7as<\/em><\/span><\/p>\n<p><span style=\"color: #ff0000\"><em>Orgulho de nossos av\u00f3s Tua hist\u00f3ria come\u00e7a juvenil<\/em><\/span><\/p>\n<p><span style=\"color: #ff0000\"><em>O futuro projeta vit\u00f3rias mil<\/em><\/span><\/p>\n<p><span style=\"color: #ff0000\"><em>Tu \u00e9s orgulho cearense<\/em><\/span><\/p>\n<p><span style=\"color: #ff0000\"><em>Tu \u00e9s orgulho do Brasil Cada esporte praticado<\/em><\/span><\/p>\n<p><span style=\"color: #ff0000\"><em>Cada t\u00edtulo conquistado<\/em><\/span><\/p>\n<p><span style=\"color: #ff0000\"><em>Enobrece o teu presente<\/em><\/span><\/p>\n<p><span style=\"color: #ff0000\"><em>Fortalece o teu passado Am\u00e9rica que todos amam<\/em><\/span><\/p>\n<p><span style=\"color: #ff0000\"><em>Clube forte e varonil<\/em><\/span><\/p>\n<p><span style=\"color: #ff0000\"><em>Tu \u00e9s orgulho cearense<\/em><\/span><\/p>\n<p><span style=\"color: #ff0000\"><em>Tu \u00e9s orgulho do Brasil Tua cor \u00e9 vermelho forte<\/em><\/span><\/p>\n<p><span style=\"color: #ff0000\"><em>Est\u00edmulo para os atletas<\/em><\/span><\/p>\n<p><span style=\"color: #ff0000\"><em>O lema \u00e9 \u201cPaz no Esporte\u201d<\/em><\/span><\/p>\n<p><span style=\"color: #ff0000\"><em>Da escola, o brado de alerta Am\u00e9rica, meu, seu, de todos n\u00f3s<\/em><\/span><\/p>\n<p><span style=\"color: #ff0000\"><em>Am\u00e9rica, Am\u00e9rica, Am\u00e9rica<\/em><\/span><\/p>\n<p><span style=\"color: #ff0000\"><em>Tu \u00e9s orgulho cearense<\/em><\/span><\/p>\n<p><span style=\"color: #ff0000\"><em>Tu \u00e9s orgulho do Brasil<\/em><\/span><\/p>\n<p>&nbsp;<\/p>\n<p><span style=\"color: #800000\"><span style=\"text-decoration: underline\"><strong><em>FONTES:<\/em><\/strong><\/span><em> Site do Clube &#8211; Wikip\u00e9dia &#8211; Di\u00e1rio de Pernambuco (P\u00e1g. 14, do dia 12-09-1967)<\/em><\/span><\/p>\n","protected":false},"excerpt":{"rendered":"<p>O Am\u00e9rica Football Club \u00e9 uma agremia\u00e7\u00e3o da cidade de Fortaleza (CE). O Mec\u00e3o foi Fundado no dia 11 de Novembro de 1920, e possui a sua Sede na Rua Monsenhor Bruno, 1.341, no Bairro Meireles, em Fortaleza. Acima, o escudo e uniforme do Am\u00e9rica em 1967, um ano depois de conquistar o Bicampeonato Cearense [&hellip;]<\/p>\n","protected":false},"author":55,"featured_media":0,"comment_status":"open","ping_status":"closed","sticky":false,"template":"","format":"standard","meta":{"footnotes":""},"categories":[203,32,83,59,87,3],"tags":[],"class_list":["post-77737","post","type-post","status-publish","format-standard","hentry","category-sergio-mello","category-ceara","category-x9-curiosidades","category-escudos","category-hinos-de-clubes","category-historia-do-futebol"],"_links":{"self":[{"href":"https:\/\/historiadofutebol.com\/blog\/index.php?rest_route=\/wp\/v2\/posts\/77737","targetHints":{"allow":["GET"]}}],"collection":[{"href":"https:\/\/historiadofutebol.com\/blog\/index.php?rest_route=\/wp\/v2\/posts"}],"about":[{"href":"https:\/\/historiadofutebol.com\/blog\/index.php?rest_route=\/wp\/v2\/types\/post"}],"author":[{"embeddable":true,"href":"https:\/\/historiadofutebol.com\/blog\/index.php?rest_route=\/wp\/v2\/users\/55"}],"replies":[{"embeddable":true,"href":"https:\/\/historiadofutebol.com\/blog\/index.php?rest_route=%2Fwp%2Fv2%2Fcomments&post=77737"}],"version-history":[{"count":3,"href":"https:\/\/historiadofutebol.com\/blog\/index.php?rest_route=\/wp\/v2\/posts\/77737\/revisions"}],"predecessor-version":[{"id":77742,"href":"https:\/\/historiadofutebol.com\/blog\/index.php?rest_route=\/wp\/v2\/posts\/77737\/revisions\/77742"}],"wp:attachment":[{"href":"https:\/\/historiadofutebol.com\/blog\/index.php?rest_route=%2Fwp%2Fv2%2Fmedia&parent=77737"}],"wp:term":[{"taxonomy":"category","embeddable":true,"href":"https:\/\/historiadofutebol.com\/blog\/index.php?rest_route=%2Fwp%2Fv2%2Fcategories&post=77737"},{"taxonomy":"post_tag","embeddable":true,"href":"https:\/\/historiadofutebol.com\/blog\/index.php?rest_route=%2Fwp%2Fv2%2Ftags&post=77737"}],"curies":[{"name":"wp","href":"https:\/\/api.w.org\/{rel}","templated":true}]}}