{"id":77377,"date":"2015-09-27T12:57:30","date_gmt":"2015-09-27T15:57:30","guid":{"rendered":"https:\/\/historiadofutebol.com\/blog\/?p=77377"},"modified":"2015-09-27T12:57:30","modified_gmt":"2015-09-27T15:57:30","slug":"botafogo-futebol-clube-sabara-mg-uma-participacao-na-terceirona-mineira","status":"publish","type":"post","link":"https:\/\/historiadofutebol.com\/blog\/?p=77377","title":{"rendered":"Botafogo Futebol Clube &#8211; Sabar\u00e1 (MG): Uma participa\u00e7\u00e3o na Terceirona Mineira"},"content":{"rendered":"<p><img loading=\"lazy\" decoding=\"async\" class=\"aligncenter size-large wp-image-77378\" src=\"https:\/\/historiadofutebol.com\/blog\/wp-content\/uploads\/2015\/09\/12317-500x353.jpg\" alt=\"\" width=\"500\" height=\"353\" srcset=\"https:\/\/historiadofutebol.com\/blog\/wp-content\/uploads\/2015\/09\/12317-500x353.jpg 500w, https:\/\/historiadofutebol.com\/blog\/wp-content\/uploads\/2015\/09\/12317-300x212.jpg 300w, https:\/\/historiadofutebol.com\/blog\/wp-content\/uploads\/2015\/09\/12317.jpg 1035w\" sizes=\"auto, (max-width: 500px) 100vw, 500px\" \/><\/p>\n<p>O <strong>Botafogo Futebol Clube<\/strong> foi uma agremia\u00e7\u00e3o do Munic\u00edpio de Sabar\u00e1 (MG). <strong>Fundado no dia 1\u00ba de Janeiro de 1949<\/strong>, possu\u00eda a sua <strong><em>Sede<\/em><\/strong> na <strong><em>Rua \u00a0Comendador Viana, 119,\u00a0 no Centro, em Sabar\u00e1<\/em><\/strong>. A equipe mandava os seus jogos no <strong><em>Est\u00e1dio Elis Seabra Filho<\/em><\/strong>, na <em>Rua da Ponte, s\/n, no Bairro da Sider\u00fargica<\/em>.<\/p>\n<p>O <strong>Botafogo<\/strong> viveu meio-s\u00e9culo no futebol amador, at\u00e9 em <strong><em>2000<\/em><\/strong>, decidiu radicalizar e participou do <strong><em>Campeonato Mineiro Segunda Divis\u00e3o (que na verdade equivalia a Terceirona)<\/em><\/strong>. O entusiasmo no in\u00edcio acabou em decep\u00e7\u00e3o. O <strong>Botafogo<\/strong> ficou na 5\u00aa <strong><em>e \u00faltima coloca\u00e7\u00e3o, no Grupo B<\/em><\/strong>. Nos seis jogos, s\u00f3 conseguiu um empate e cinco derrotas; marcando seis gols e sofrendo 26.<\/p>\n<p>Ap\u00f3s essa experi\u00eancia o modesto clube de Sabar\u00e1, retornou ao futebol citadino. A \u00faltima not\u00edcia do <strong>Botafogo<\/strong> aconteceu <em>em 23 de maio de 2013<\/em>, quando a <strong><em>Prefeitura de Sabar\u00e1<\/em><\/strong> comprou a sede do clube por R$1.512.000,00. Leia abaixo a not\u00edcia na \u00edntegra sobre esse caso:<\/p>\n<p>&#8220;<em>Na \u00faltima reuni\u00e3o da C\u00e2mara Municipal de Sabar\u00e1,ocorreu\u00a0o 1\u00ba turno da vota\u00e7\u00e3o do Projeto de Lei n\u00ba009, que autoriza o Executivo a adquirir o im\u00f3vel de propriedade do Botafogo Futebol Clube.A inten\u00e7\u00e3o do Prefeito Di\u00f3genes Fantini \u00e9 construir no local uma sede administrativa para Prefeitura. O valor da transa\u00e7\u00e3o da compra \u00e9 de R$1.512.000,00.<\/em><\/p>\n<p><em>De acordo com o parecer conjunto das comiss\u00f5es de Legisla\u00e7\u00e3o e Justi\u00e7a, Finan\u00e7as, Or\u00e7amento e Tomada de Contas, trata-se de im\u00f3vel de grande especula\u00e7\u00e3o imobili\u00e1ria pela iniciativa privada, que enquanto sede do Clube, causava diversos transtornos \u00e0 popula\u00e7\u00e3o \u201cDurante muitos anos no local funcionava grande polui\u00e7\u00e3o sonora tirando o sono da popula\u00e7\u00e3o do entorno, bem como altos \u00edndices de viol\u00eancia e vandalismo aterrorizando as noites no Centro da Cidade\u201d, afirmou o relator do projeto, o vereador Maur\u00edlio Barbosa.<\/em><\/p>\n<p><em>Os vereadores apontaram pontos de vista diversos e a vota\u00e7\u00e3o terminou favor\u00e1vel\u00a0a negocia\u00e7\u00e3o com 11 votos a 4. O segundo turno de vota\u00e7\u00e3o acontecer\u00e1 na pr\u00f3xima semana.\u00a0<\/em><em>O im\u00f3vel possui \u00e1rea constru\u00edda de 416m\u00b2, uma quadra esportiva de 423.85m\u00b2, ambos inseridos em um lote 633,60 metros quadrados localizado \u00e0 rua Comendador Viana, no\u00a0 Centro<\/em>&#8220;.<\/p>\n<p>&nbsp;<\/p>\n<p><strong><em>FONTES:<\/em><\/strong><em> Prefeitura de Sabar\u00e1 &#8211; Rsssf Brasil &#8211; Gol Aberto<\/em><\/p>\n","protected":false},"excerpt":{"rendered":"<p>O Botafogo Futebol Clube foi uma agremia\u00e7\u00e3o do Munic\u00edpio de Sabar\u00e1 (MG). Fundado no dia 1\u00ba de Janeiro de 1949, possu\u00eda a sua Sede na Rua \u00a0Comendador Viana, 119,\u00a0 no Centro, em Sabar\u00e1. A equipe mandava os seus jogos no Est\u00e1dio Elis Seabra Filho, na Rua da Ponte, s\/n, no Bairro da Sider\u00fargica. O Botafogo [&hellip;]<\/p>\n","protected":false},"author":55,"featured_media":0,"comment_status":"open","ping_status":"closed","sticky":false,"template":"","format":"standard","meta":{"footnotes":""},"categories":[203,189,83,59,3,39],"tags":[],"class_list":["post-77377","post","type-post","status-publish","format-standard","hentry","category-sergio-mello","category-toninho-sereno","category-x9-curiosidades","category-escudos","category-historia-do-futebol","category-minas-gerais"],"_links":{"self":[{"href":"https:\/\/historiadofutebol.com\/blog\/index.php?rest_route=\/wp\/v2\/posts\/77377","targetHints":{"allow":["GET"]}}],"collection":[{"href":"https:\/\/historiadofutebol.com\/blog\/index.php?rest_route=\/wp\/v2\/posts"}],"about":[{"href":"https:\/\/historiadofutebol.com\/blog\/index.php?rest_route=\/wp\/v2\/types\/post"}],"author":[{"embeddable":true,"href":"https:\/\/historiadofutebol.com\/blog\/index.php?rest_route=\/wp\/v2\/users\/55"}],"replies":[{"embeddable":true,"href":"https:\/\/historiadofutebol.com\/blog\/index.php?rest_route=%2Fwp%2Fv2%2Fcomments&post=77377"}],"version-history":[{"count":1,"href":"https:\/\/historiadofutebol.com\/blog\/index.php?rest_route=\/wp\/v2\/posts\/77377\/revisions"}],"predecessor-version":[{"id":77379,"href":"https:\/\/historiadofutebol.com\/blog\/index.php?rest_route=\/wp\/v2\/posts\/77377\/revisions\/77379"}],"wp:attachment":[{"href":"https:\/\/historiadofutebol.com\/blog\/index.php?rest_route=%2Fwp%2Fv2%2Fmedia&parent=77377"}],"wp:term":[{"taxonomy":"category","embeddable":true,"href":"https:\/\/historiadofutebol.com\/blog\/index.php?rest_route=%2Fwp%2Fv2%2Fcategories&post=77377"},{"taxonomy":"post_tag","embeddable":true,"href":"https:\/\/historiadofutebol.com\/blog\/index.php?rest_route=%2Fwp%2Fv2%2Ftags&post=77377"}],"curies":[{"name":"wp","href":"https:\/\/api.w.org\/{rel}","templated":true}]}}