{"id":77365,"date":"2015-09-27T00:01:38","date_gmt":"2015-09-27T03:01:38","guid":{"rendered":"https:\/\/historiadofutebol.com\/blog\/?p=77365"},"modified":"2015-09-27T00:01:38","modified_gmt":"2015-09-27T03:01:38","slug":"independente-futebol-clube-muzambinho-mg-tres-edicoes-na-terceirona-mineira","status":"publish","type":"post","link":"https:\/\/historiadofutebol.com\/blog\/?p=77365","title":{"rendered":"Independente Futebol Clube &#8211; Muzambinho (MG): Tr\u00eas edi\u00e7\u00f5es na Terceirona Mineira"},"content":{"rendered":"<p><img loading=\"lazy\" decoding=\"async\" class=\"aligncenter size-large wp-image-77368\" src=\"https:\/\/historiadofutebol.com\/blog\/wp-content\/uploads\/2015\/09\/0112-500x355.jpg\" alt=\"\" width=\"500\" height=\"355\" srcset=\"https:\/\/historiadofutebol.com\/blog\/wp-content\/uploads\/2015\/09\/0112-500x355.jpg 500w, https:\/\/historiadofutebol.com\/blog\/wp-content\/uploads\/2015\/09\/0112-300x213.jpg 300w, https:\/\/historiadofutebol.com\/blog\/wp-content\/uploads\/2015\/09\/0112.jpg 1034w\" sizes=\"auto, (max-width: 500px) 100vw, 500px\" \/><\/p>\n<p>O <strong>Independente Futebol Clube<\/strong> \u00e9 uma agremia\u00e7\u00e3o do Munic\u00edpio de Muzambinho, que fica a <em>447 km<\/em> da capital de Minas Gerais <em>(conta com uma popula\u00e7\u00e3o de 20.432 habitantes, segundo o Censo do IBGE\/2010)<\/em>. A sua <strong><em>Sede<\/em><\/strong> fica localizada na <strong><em>Loc. Ch\u00e1cara do Trevo, s\/n, no Bairro do Trevo, em Muzambinho<\/em><\/strong>. O <strong><em>Esquadr\u00e3o de A\u00e7o<\/em><\/strong> foi <strong>Fundado em 1984<\/strong>, por <em>Luizinho Dentista<\/em>. A equipe manda os seus jogos no <strong><em>Est\u00e1dio Professor Ant\u00f4nio Milh\u00e3o<\/em><\/strong>.<\/p>\n<p><img loading=\"lazy\" decoding=\"async\" class=\"aligncenter size-full wp-image-77366\" src=\"https:\/\/historiadofutebol.com\/blog\/wp-content\/uploads\/2015\/09\/12-IFC.jpg\" alt=\"\" width=\"960\" height=\"591\" srcset=\"https:\/\/historiadofutebol.com\/blog\/wp-content\/uploads\/2015\/09\/12-IFC.jpg 960w, https:\/\/historiadofutebol.com\/blog\/wp-content\/uploads\/2015\/09\/12-IFC-300x184.jpg 300w, https:\/\/historiadofutebol.com\/blog\/wp-content\/uploads\/2015\/09\/12-IFC-500x307.jpg 500w\" sizes=\"auto, (max-width: 960px) 100vw, 960px\" \/><\/p>\n<p>No futebol profissional, o <strong>Independente<\/strong> esteve presente em tr\u00eas edi\u00e7\u00f5es do <strong><em>Campeonato Mineiro Terceira Divis\u00e3o<\/em><\/strong>: <strong><em>1987<\/em><\/strong>, <strong><em>1988<\/em><\/strong> e <strong><em>1990<\/em><\/strong>. Na sua estreia, acabou n\u00e3o passando da primeira fase. Ficou em <strong><em>\u00faltimo no Grupo B<\/em><\/strong>. Em <strong><em>1988<\/em><\/strong>, nova elimina\u00e7\u00e3o, ao terminar na <strong><em>4\u00aa coloca\u00e7\u00e3o<\/em><\/strong> <em>(somente os tr\u00eas primeiros se classificavam)<\/em>.<\/p>\n<p>Em <strong><em>1990<\/em><\/strong>, enfim, avan\u00e7ou para a segunda fase, ao ficar na <strong><em>5\u00aa posi\u00e7\u00e3o, no Grupo C<\/em><\/strong>, num total de oito equipes, onde os cinco avan\u00e7avam. \u00a0Contudo, n\u00e3o conseguiu sorte maior, j\u00e1 que terminou em <strong><em>3\u00ba lugar, no Grupo F<\/em><\/strong>, e acabou dando adeus, uma vez que apenas os dois primeiros seguiam. Depois dessa temporada o <strong>Independente<\/strong> n\u00e3o mais retornou ao futebol profissional.<\/p>\n<p>&nbsp;<\/p>\n<div id=\"attachment_77367\" style=\"width: 970px\" class=\"wp-caption aligncenter\"><img loading=\"lazy\" decoding=\"async\" aria-describedby=\"caption-attachment-77367\" class=\"size-full wp-image-77367\" src=\"https:\/\/historiadofutebol.com\/blog\/wp-content\/uploads\/2015\/09\/304991_522265717790036_1939712908_n.jpg\" alt=\"\" width=\"960\" height=\"600\" srcset=\"https:\/\/historiadofutebol.com\/blog\/wp-content\/uploads\/2015\/09\/304991_522265717790036_1939712908_n.jpg 960w, https:\/\/historiadofutebol.com\/blog\/wp-content\/uploads\/2015\/09\/304991_522265717790036_1939712908_n-300x187.jpg 300w, https:\/\/historiadofutebol.com\/blog\/wp-content\/uploads\/2015\/09\/304991_522265717790036_1939712908_n-500x312.jpg 500w\" sizes=\"auto, (max-width: 960px) 100vw, 960px\" \/><p id=\"caption-attachment-77367\" class=\"wp-caption-text\">Est\u00e1dio Professor Ant\u00f4nio Milh\u00e3o<\/p><\/div>\n<p><strong><em>FONTES &amp; FOTOS:<\/em><\/strong><em> Gol Aberto &#8211; Wikip\u00e9dia &#8211; P\u00e1gina no Facebook do Clube e Sou Mais Muzambinho &#8211; Rsssf Brasil\u00a0<\/em><\/p>\n","protected":false},"excerpt":{"rendered":"<p>O Independente Futebol Clube \u00e9 uma agremia\u00e7\u00e3o do Munic\u00edpio de Muzambinho, que fica a 447 km da capital de Minas Gerais (conta com uma popula\u00e7\u00e3o de 20.432 habitantes, segundo o Censo do IBGE\/2010). A sua Sede fica localizada na Loc. Ch\u00e1cara do Trevo, s\/n, no Bairro do Trevo, em Muzambinho. O Esquadr\u00e3o de A\u00e7o foi [&hellip;]<\/p>\n","protected":false},"author":55,"featured_media":0,"comment_status":"open","ping_status":"closed","sticky":false,"template":"","format":"standard","meta":{"footnotes":""},"categories":[203,189,83,59,3,39],"tags":[],"class_list":["post-77365","post","type-post","status-publish","format-standard","hentry","category-sergio-mello","category-toninho-sereno","category-x9-curiosidades","category-escudos","category-historia-do-futebol","category-minas-gerais"],"_links":{"self":[{"href":"https:\/\/historiadofutebol.com\/blog\/index.php?rest_route=\/wp\/v2\/posts\/77365","targetHints":{"allow":["GET"]}}],"collection":[{"href":"https:\/\/historiadofutebol.com\/blog\/index.php?rest_route=\/wp\/v2\/posts"}],"about":[{"href":"https:\/\/historiadofutebol.com\/blog\/index.php?rest_route=\/wp\/v2\/types\/post"}],"author":[{"embeddable":true,"href":"https:\/\/historiadofutebol.com\/blog\/index.php?rest_route=\/wp\/v2\/users\/55"}],"replies":[{"embeddable":true,"href":"https:\/\/historiadofutebol.com\/blog\/index.php?rest_route=%2Fwp%2Fv2%2Fcomments&post=77365"}],"version-history":[{"count":1,"href":"https:\/\/historiadofutebol.com\/blog\/index.php?rest_route=\/wp\/v2\/posts\/77365\/revisions"}],"predecessor-version":[{"id":77369,"href":"https:\/\/historiadofutebol.com\/blog\/index.php?rest_route=\/wp\/v2\/posts\/77365\/revisions\/77369"}],"wp:attachment":[{"href":"https:\/\/historiadofutebol.com\/blog\/index.php?rest_route=%2Fwp%2Fv2%2Fmedia&parent=77365"}],"wp:term":[{"taxonomy":"category","embeddable":true,"href":"https:\/\/historiadofutebol.com\/blog\/index.php?rest_route=%2Fwp%2Fv2%2Fcategories&post=77365"},{"taxonomy":"post_tag","embeddable":true,"href":"https:\/\/historiadofutebol.com\/blog\/index.php?rest_route=%2Fwp%2Fv2%2Ftags&post=77365"}],"curies":[{"name":"wp","href":"https:\/\/api.w.org\/{rel}","templated":true}]}}