{"id":77044,"date":"2015-09-21T17:36:21","date_gmt":"2015-09-21T20:36:21","guid":{"rendered":"https:\/\/historiadofutebol.com\/blog\/?p=77044"},"modified":"2015-09-21T17:36:50","modified_gmt":"2015-09-21T20:36:50","slug":"associacao-esportiva-ipanemense-ipanema-mg","status":"publish","type":"post","link":"https:\/\/historiadofutebol.com\/blog\/?p=77044","title":{"rendered":"Associa\u00e7\u00e3o Esportiva Ipanemense &#8211; Ipanema (MG)"},"content":{"rendered":"<p><img loading=\"lazy\" decoding=\"async\" class=\"aligncenter size-large wp-image-77049\" src=\"https:\/\/historiadofutebol.com\/blog\/wp-content\/uploads\/2015\/09\/126-500x345.jpg\" alt=\"\" width=\"500\" height=\"345\" srcset=\"https:\/\/historiadofutebol.com\/blog\/wp-content\/uploads\/2015\/09\/126-500x345.jpg 500w, https:\/\/historiadofutebol.com\/blog\/wp-content\/uploads\/2015\/09\/126-300x207.jpg 300w, https:\/\/historiadofutebol.com\/blog\/wp-content\/uploads\/2015\/09\/126.jpg 1063w\" sizes=\"auto, (max-width: 500px) 100vw, 500px\" \/><\/p>\n<p>A<strong> Associa\u00e7\u00e3o Esportiva Ipanemense<\/strong> foi uma agremia\u00e7\u00e3o do Munic\u00edpio de Ipanema (MG). A sua <strong><em>Sede<\/em><\/strong> ficava localizada na <strong><em>Rua Edwaldo Miranda, n\u00ba 533, no Centro da cidade<\/em><\/strong>.<\/p>\n<p><img loading=\"lazy\" decoding=\"async\" class=\"aligncenter size-full wp-image-77051\" src=\"https:\/\/historiadofutebol.com\/blog\/wp-content\/uploads\/2015\/09\/125.jpg\" alt=\"\" width=\"1024\" height=\"768\" srcset=\"https:\/\/historiadofutebol.com\/blog\/wp-content\/uploads\/2015\/09\/125.jpg 1024w, https:\/\/historiadofutebol.com\/blog\/wp-content\/uploads\/2015\/09\/125-300x225.jpg 300w, https:\/\/historiadofutebol.com\/blog\/wp-content\/uploads\/2015\/09\/125-500x375.jpg 500w\" sizes=\"auto, (max-width: 1024px) 100vw, 1024px\" \/><\/p>\n<p>A equipe mandava os seus jogos no <strong><em>Est\u00e1dio Municipal Elson Barbosa de Faria<\/em><\/strong>. Na esfera profissional, o <strong>Ipanemense<\/strong> participou do <strong><em>Campeonato Mineiro Terceira Divis\u00e3o<\/em> de <em>1990<\/em><\/strong>, <strong><em>Supercopa Minas Gerais<\/em><\/strong> e o <strong><em>Campeonato Mineiro Segunda Divis\u00e3o<\/em><\/strong>, essas duas no ano de <strong><em>1991<\/em><\/strong>.<\/p>\n<p>&nbsp;<\/p>\n<p><strong><em>FONTES &amp; FOTOS:<\/em><\/strong><em> Rsssf Brasil &#8211; Gol Aberto &#8211; Panoramio<\/em><\/p>\n<p>&nbsp;<\/p>\n","protected":false},"excerpt":{"rendered":"<p>A Associa\u00e7\u00e3o Esportiva Ipanemense foi uma agremia\u00e7\u00e3o do Munic\u00edpio de Ipanema (MG). A sua Sede ficava localizada na Rua Edwaldo Miranda, n\u00ba 533, no Centro da cidade. A equipe mandava os seus jogos no Est\u00e1dio Municipal Elson Barbosa de Faria. Na esfera profissional, o Ipanemense participou do Campeonato Mineiro Terceira Divis\u00e3o de 1990, Supercopa Minas [&hellip;]<\/p>\n","protected":false},"author":55,"featured_media":0,"comment_status":"open","ping_status":"closed","sticky":false,"template":"","format":"standard","meta":{"footnotes":""},"categories":[203,189,59,3,39],"tags":[],"class_list":["post-77044","post","type-post","status-publish","format-standard","hentry","category-sergio-mello","category-toninho-sereno","category-escudos","category-historia-do-futebol","category-minas-gerais"],"_links":{"self":[{"href":"https:\/\/historiadofutebol.com\/blog\/index.php?rest_route=\/wp\/v2\/posts\/77044","targetHints":{"allow":["GET"]}}],"collection":[{"href":"https:\/\/historiadofutebol.com\/blog\/index.php?rest_route=\/wp\/v2\/posts"}],"about":[{"href":"https:\/\/historiadofutebol.com\/blog\/index.php?rest_route=\/wp\/v2\/types\/post"}],"author":[{"embeddable":true,"href":"https:\/\/historiadofutebol.com\/blog\/index.php?rest_route=\/wp\/v2\/users\/55"}],"replies":[{"embeddable":true,"href":"https:\/\/historiadofutebol.com\/blog\/index.php?rest_route=%2Fwp%2Fv2%2Fcomments&post=77044"}],"version-history":[{"count":2,"href":"https:\/\/historiadofutebol.com\/blog\/index.php?rest_route=\/wp\/v2\/posts\/77044\/revisions"}],"predecessor-version":[{"id":77057,"href":"https:\/\/historiadofutebol.com\/blog\/index.php?rest_route=\/wp\/v2\/posts\/77044\/revisions\/77057"}],"wp:attachment":[{"href":"https:\/\/historiadofutebol.com\/blog\/index.php?rest_route=%2Fwp%2Fv2%2Fmedia&parent=77044"}],"wp:term":[{"taxonomy":"category","embeddable":true,"href":"https:\/\/historiadofutebol.com\/blog\/index.php?rest_route=%2Fwp%2Fv2%2Fcategories&post=77044"},{"taxonomy":"post_tag","embeddable":true,"href":"https:\/\/historiadofutebol.com\/blog\/index.php?rest_route=%2Fwp%2Fv2%2Ftags&post=77044"}],"curies":[{"name":"wp","href":"https:\/\/api.w.org\/{rel}","templated":true}]}}