{"id":75718,"date":"2015-08-15T16:19:40","date_gmt":"2015-08-15T19:19:40","guid":{"rendered":"https:\/\/historiadofutebol.com\/blog\/?p=75718"},"modified":"2015-08-15T16:20:47","modified_gmt":"2015-08-15T19:20:47","slug":"mudanca-em-brasilia-atletico-bandeirante-agora-chama-se-atletico-taguatinga","status":"publish","type":"post","link":"https:\/\/historiadofutebol.com\/blog\/?p=75718","title":{"rendered":"Mudan\u00e7a em Bras\u00edlia: Atl\u00e9tico Bandeirante agora chama-se Atl\u00e9tico Taguatinga"},"content":{"rendered":"<p>Prezados,<\/p>\n<p>A segunda divis\u00e3o brasiliense come\u00e7ar\u00e1 no fim de agosto e dos times que ir\u00e3o disput\u00e1-la, apenas uma mudan\u00e7a:<\/p>\n<p>O Clube Atl\u00e9tico Bandeirante, que at\u00e9 ent\u00e3o era verde e branco mudou de nome. Agora o mesmo chama-se Clube Atl\u00e9tico Taguatinga. As cores tamb\u00e9m foram trocadas para o vermelho e preto.<\/p>\n<p><a href=\"https:\/\/historiadofutebol.com\/blog\/?attachment_id=75719\" rel=\"attachment wp-att-75719\"><img loading=\"lazy\" decoding=\"async\" class=\"aligncenter size-full wp-image-75719\" src=\"https:\/\/historiadofutebol.com\/blog\/wp-content\/uploads\/2015\/08\/atlc3a9tico-bandeirante-2.png\" alt=\"\" width=\"180\" height=\"180\" srcset=\"https:\/\/historiadofutebol.com\/blog\/wp-content\/uploads\/2015\/08\/atlc3a9tico-bandeirante-2.png 180w, https:\/\/historiadofutebol.com\/blog\/wp-content\/uploads\/2015\/08\/atlc3a9tico-bandeirante-2-150x150.png 150w, https:\/\/historiadofutebol.com\/blog\/wp-content\/uploads\/2015\/08\/atlc3a9tico-bandeirante-2-96x96.png 96w, https:\/\/historiadofutebol.com\/blog\/wp-content\/uploads\/2015\/08\/atlc3a9tico-bandeirante-2-24x24.png 24w, https:\/\/historiadofutebol.com\/blog\/wp-content\/uploads\/2015\/08\/atlc3a9tico-bandeirante-2-36x36.png 36w, https:\/\/historiadofutebol.com\/blog\/wp-content\/uploads\/2015\/08\/atlc3a9tico-bandeirante-2-48x48.png 48w, https:\/\/historiadofutebol.com\/blog\/wp-content\/uploads\/2015\/08\/atlc3a9tico-bandeirante-2-64x64.png 64w\" sizes=\"auto, (max-width: 180px) 100vw, 180px\" \/><\/a><a href=\"https:\/\/historiadofutebol.com\/blog\/?attachment_id=75720\" rel=\"attachment wp-att-75720\"><img loading=\"lazy\" decoding=\"async\" class=\"aligncenter size-full wp-image-75720\" src=\"https:\/\/historiadofutebol.com\/blog\/wp-content\/uploads\/2015\/08\/atlc3a9tico-taguatinga-2.png\" alt=\"\" width=\"180\" height=\"180\" srcset=\"https:\/\/historiadofutebol.com\/blog\/wp-content\/uploads\/2015\/08\/atlc3a9tico-taguatinga-2.png 180w, https:\/\/historiadofutebol.com\/blog\/wp-content\/uploads\/2015\/08\/atlc3a9tico-taguatinga-2-150x150.png 150w, https:\/\/historiadofutebol.com\/blog\/wp-content\/uploads\/2015\/08\/atlc3a9tico-taguatinga-2-96x96.png 96w, https:\/\/historiadofutebol.com\/blog\/wp-content\/uploads\/2015\/08\/atlc3a9tico-taguatinga-2-24x24.png 24w, https:\/\/historiadofutebol.com\/blog\/wp-content\/uploads\/2015\/08\/atlc3a9tico-taguatinga-2-36x36.png 36w, https:\/\/historiadofutebol.com\/blog\/wp-content\/uploads\/2015\/08\/atlc3a9tico-taguatinga-2-48x48.png 48w, https:\/\/historiadofutebol.com\/blog\/wp-content\/uploads\/2015\/08\/atlc3a9tico-taguatinga-2-64x64.png 64w\" sizes=\"auto, (max-width: 180px) 100vw, 180px\" \/><\/a>Fonte:\u00a0http:\/\/futebolcandango.com\/2015\/07\/03\/atletico-bandeirante-vira-oficialmente-atletico-taguatinga\/<\/p>\n<p>&nbsp;<\/p>\n<p>&nbsp;<\/p>\n<p>&nbsp;<\/p>\n<p>&nbsp;<\/p>\n<p>&nbsp;<\/p>\n","protected":false},"excerpt":{"rendered":"<p>Prezados, A segunda divis\u00e3o brasiliense come\u00e7ar\u00e1 no fim de agosto e dos times que ir\u00e3o disput\u00e1-la, apenas uma mudan\u00e7a: O Clube Atl\u00e9tico Bandeirante, que at\u00e9 ent\u00e3o era verde e branco mudou de nome. Agora o mesmo chama-se Clube Atl\u00e9tico Taguatinga. As cores tamb\u00e9m foram trocadas para o vermelho e preto. Fonte:\u00a0http:\/\/futebolcandango.com\/2015\/07\/03\/atletico-bandeirante-vira-oficialmente-atletico-taguatinga\/ &nbsp; &nbsp; &nbsp; &nbsp; [&hellip;]<\/p>\n","protected":false},"author":2,"featured_media":0,"comment_status":"open","ping_status":"closed","sticky":false,"template":"","format":"standard","meta":{"footnotes":""},"categories":[100,33,59],"tags":[],"class_list":["post-75718","post","type-post","status-publish","format-standard","hentry","category-gerson-rodrigues","category-distrito-federal","category-escudos"],"_links":{"self":[{"href":"https:\/\/historiadofutebol.com\/blog\/index.php?rest_route=\/wp\/v2\/posts\/75718","targetHints":{"allow":["GET"]}}],"collection":[{"href":"https:\/\/historiadofutebol.com\/blog\/index.php?rest_route=\/wp\/v2\/posts"}],"about":[{"href":"https:\/\/historiadofutebol.com\/blog\/index.php?rest_route=\/wp\/v2\/types\/post"}],"author":[{"embeddable":true,"href":"https:\/\/historiadofutebol.com\/blog\/index.php?rest_route=\/wp\/v2\/users\/2"}],"replies":[{"embeddable":true,"href":"https:\/\/historiadofutebol.com\/blog\/index.php?rest_route=%2Fwp%2Fv2%2Fcomments&post=75718"}],"version-history":[{"count":5,"href":"https:\/\/historiadofutebol.com\/blog\/index.php?rest_route=\/wp\/v2\/posts\/75718\/revisions"}],"predecessor-version":[{"id":75725,"href":"https:\/\/historiadofutebol.com\/blog\/index.php?rest_route=\/wp\/v2\/posts\/75718\/revisions\/75725"}],"wp:attachment":[{"href":"https:\/\/historiadofutebol.com\/blog\/index.php?rest_route=%2Fwp%2Fv2%2Fmedia&parent=75718"}],"wp:term":[{"taxonomy":"category","embeddable":true,"href":"https:\/\/historiadofutebol.com\/blog\/index.php?rest_route=%2Fwp%2Fv2%2Fcategories&post=75718"},{"taxonomy":"post_tag","embeddable":true,"href":"https:\/\/historiadofutebol.com\/blog\/index.php?rest_route=%2Fwp%2Fv2%2Ftags&post=75718"}],"curies":[{"name":"wp","href":"https:\/\/api.w.org\/{rel}","templated":true}]}}