{"id":75602,"date":"2015-08-11T20:43:45","date_gmt":"2015-08-11T23:43:45","guid":{"rendered":"https:\/\/historiadofutebol.com\/blog\/?p=75602"},"modified":"2025-02-08T00:02:17","modified_gmt":"2025-02-08T03:02:17","slug":"cacique-futebol-clube-recife-pe-fundado-em-1946","status":"publish","type":"post","link":"https:\/\/historiadofutebol.com\/blog\/?p=75602","title":{"rendered":"Cacique Futebol Clube &#8211; Recife (PE): Fundado em 1946"},"content":{"rendered":"<p><img loading=\"lazy\" decoding=\"async\" class=\"aligncenter size-large wp-image-75605\" src=\"https:\/\/historiadofutebol.com\/blog\/wp-content\/uploads\/2015\/08\/Cacique-03-500x368.jpg\" alt=\"\" width=\"500\" height=\"368\" srcset=\"https:\/\/historiadofutebol.com\/blog\/wp-content\/uploads\/2015\/08\/Cacique-03-500x368.jpg 500w, https:\/\/historiadofutebol.com\/blog\/wp-content\/uploads\/2015\/08\/Cacique-03-300x221.jpg 300w, https:\/\/historiadofutebol.com\/blog\/wp-content\/uploads\/2015\/08\/Cacique-03.jpg 1005w\" sizes=\"auto, (max-width: 500px) 100vw, 500px\" \/><span style=\"color: #000000;\">O <strong>Cacique Futebol Clube<\/strong> \u00e9 uma agremia\u00e7\u00e3o da cidade do Recife (PE). A sua <em><strong>Sede e o Campo<\/strong> ficam na <strong>Tv. Dr. Amar\u00edles Barbosa de \u00c1guiar, 1-87 , no bairro Madalena,<\/strong><\/em><strong><em>\u00a0no Recife<\/em><\/strong>. O Clube <strong><em>&#8216;Rubro-Verde do Zumbi&#8217;<\/em><\/strong> foi <strong>Fundado na ter\u00e7a-feira, do dia 28 de Maio de 1946<\/strong> <em>(com o nome de Sapucaji, passando para Cacique quando da necessidade de se registrar a equipe)<\/em>, por um grupo de amigos, entre eles muitos empres\u00e1rios, nascendo com uma boa organiza\u00e7\u00e3o.<\/span><\/p>\n<p><img loading=\"lazy\" decoding=\"async\" class=\"aligncenter size-full wp-image-75604\" src=\"https:\/\/historiadofutebol.com\/blog\/wp-content\/uploads\/2015\/08\/Cacique-02.jpg\" alt=\"\" width=\"354\" height=\"537\" srcset=\"https:\/\/historiadofutebol.com\/blog\/wp-content\/uploads\/2015\/08\/Cacique-02.jpg 354w, https:\/\/historiadofutebol.com\/blog\/wp-content\/uploads\/2015\/08\/Cacique-02-197x300.jpg 197w, https:\/\/historiadofutebol.com\/blog\/wp-content\/uploads\/2015\/08\/Cacique-02-329x500.jpg 329w\" sizes=\"auto, (max-width: 354px) 100vw, 354px\" \/><\/p>\n<p><span style=\"color: #000000;\">Outro que possui sede e campo pr\u00f3prios, separados por uma rua estreita. Possui categorias de base: Infantil, juvenil e adulto. Atualmente o <strong><em>&#8216;Rubro-Verde do Zumbi&#8217;<\/em><\/strong> se mant\u00e9m por meio do aluguel do campo e contribui\u00e7\u00e3o de alguns s\u00f3cios. O <strong><em>&#8216;Rubro-Verde do Zumbi&#8217; <\/em><\/strong>participou da <strong><em>Copa Arizona<\/em><\/strong> de 1977 e 1980; o <strong><em>Campeonato Pernambucano da Terceira Divis\u00e3o<\/em><\/strong> de 1984, 1985 e 1986.<\/span><\/p>\n<p><span style=\"color: #000000;\"><strong>Time-base de 1956:<\/strong> <em>Joca; Am\u00e9rico e Josias; Titico De Azul e Baixa; Adelmo, Geraldo, G\u00e9u, Biu I e Tonho.<\/em><\/span><\/p>\n<p><img loading=\"lazy\" decoding=\"async\" class=\"aligncenter size-full wp-image-75603\" src=\"https:\/\/historiadofutebol.com\/blog\/wp-content\/uploads\/2015\/08\/Cacique-01.jpg\" alt=\"\" width=\"396\" height=\"740\" srcset=\"https:\/\/historiadofutebol.com\/blog\/wp-content\/uploads\/2015\/08\/Cacique-01.jpg 396w, https:\/\/historiadofutebol.com\/blog\/wp-content\/uploads\/2015\/08\/Cacique-01-160x300.jpg 160w, https:\/\/historiadofutebol.com\/blog\/wp-content\/uploads\/2015\/08\/Cacique-01-267x500.jpg 267w\" sizes=\"auto, (max-width: 396px) 100vw, 396px\" \/><\/p>\n<p><span style=\"color: #003366;\"><strong><em><span style=\"text-decoration: underline;\">FONTES<\/span><\/em><\/strong><strong><em>:<\/em><\/strong><em>\u00a0Di\u00e1rio de Pernambuco &#8211;\u00a0<\/em><em>Federa\u00e7\u00e3o Pernambucana de Futebol \u2013 Livro \u2018Os Significados do Futebol Amador Recifense\u2019\u00a0<\/em><\/span><\/p>\n\n\n<p><\/p>\n","protected":false},"excerpt":{"rendered":"<p>O Cacique Futebol Clube \u00e9 uma agremia\u00e7\u00e3o da cidade do Recife (PE). A sua Sede e o Campo ficam na Tv. Dr. Amar\u00edles Barbosa de \u00c1guiar, 1-87 , no bairro Madalena,\u00a0no Recife. O Clube &#8216;Rubro-Verde do Zumbi&#8217; foi Fundado na ter\u00e7a-feira, do dia 28 de Maio de 1946 (com o nome de Sapucaji, passando para [&hellip;]<\/p>\n","protected":false},"author":55,"featured_media":0,"comment_status":"open","ping_status":"closed","sticky":false,"template":"","format":"standard","meta":{"footnotes":""},"categories":[203,83,59,3,43],"tags":[],"class_list":["post-75602","post","type-post","status-publish","format-standard","hentry","category-sergio-mello","category-x9-curiosidades","category-escudos","category-historia-do-futebol","category-pernambuco"],"_links":{"self":[{"href":"https:\/\/historiadofutebol.com\/blog\/index.php?rest_route=\/wp\/v2\/posts\/75602","targetHints":{"allow":["GET"]}}],"collection":[{"href":"https:\/\/historiadofutebol.com\/blog\/index.php?rest_route=\/wp\/v2\/posts"}],"about":[{"href":"https:\/\/historiadofutebol.com\/blog\/index.php?rest_route=\/wp\/v2\/types\/post"}],"author":[{"embeddable":true,"href":"https:\/\/historiadofutebol.com\/blog\/index.php?rest_route=\/wp\/v2\/users\/55"}],"replies":[{"embeddable":true,"href":"https:\/\/historiadofutebol.com\/blog\/index.php?rest_route=%2Fwp%2Fv2%2Fcomments&post=75602"}],"version-history":[{"count":6,"href":"https:\/\/historiadofutebol.com\/blog\/index.php?rest_route=\/wp\/v2\/posts\/75602\/revisions"}],"predecessor-version":[{"id":134502,"href":"https:\/\/historiadofutebol.com\/blog\/index.php?rest_route=\/wp\/v2\/posts\/75602\/revisions\/134502"}],"wp:attachment":[{"href":"https:\/\/historiadofutebol.com\/blog\/index.php?rest_route=%2Fwp%2Fv2%2Fmedia&parent=75602"}],"wp:term":[{"taxonomy":"category","embeddable":true,"href":"https:\/\/historiadofutebol.com\/blog\/index.php?rest_route=%2Fwp%2Fv2%2Fcategories&post=75602"},{"taxonomy":"post_tag","embeddable":true,"href":"https:\/\/historiadofutebol.com\/blog\/index.php?rest_route=%2Fwp%2Fv2%2Ftags&post=75602"}],"curies":[{"name":"wp","href":"https:\/\/api.w.org\/{rel}","templated":true}]}}