{"id":74613,"date":"2015-07-21T03:27:39","date_gmt":"2015-07-21T06:27:39","guid":{"rendered":"https:\/\/historiadofutebol.com\/blog\/?p=74613"},"modified":"2025-06-09T21:08:04","modified_gmt":"2025-06-10T00:08:04","slug":"fabrica-yolandda-futebol-clube-recife-pe-fundado-na-decada-de-20","status":"publish","type":"post","link":"https:\/\/historiadofutebol.com\/blog\/?p=74613","title":{"rendered":"F\u00e1brica Yolanda Futebol Clube  &#8211; Recife (PE): Fundado na D\u00e9cada de 20"},"content":{"rendered":"<p><img loading=\"lazy\" decoding=\"async\" class=\"aligncenter size-large wp-image-74616\" src=\"https:\/\/historiadofutebol.com\/blog\/wp-content\/uploads\/2015\/07\/00-yfc-500x236.jpg\" alt=\"\" width=\"500\" height=\"236\" srcset=\"https:\/\/historiadofutebol.com\/blog\/wp-content\/uploads\/2015\/07\/00-yfc-500x236.jpg 500w, https:\/\/historiadofutebol.com\/blog\/wp-content\/uploads\/2015\/07\/00-yfc-300x141.jpg 300w, https:\/\/historiadofutebol.com\/blog\/wp-content\/uploads\/2015\/07\/00-yfc.jpg 1338w\" sizes=\"auto, (max-width: 500px) 100vw, 500px\" \/><\/p>\n<h1><span style=\"color: #000080;\"><strong><em>Por S\u00e9rgio Mello<\/em><\/strong><\/span><\/h1>\n<p><span style=\"color: #000000;\">A <strong>F\u00e1brica<\/strong> <strong>Yolanda Futebol Clube<\/strong> foi uma agremia\u00e7\u00e3o da cidade do Recife (PE). Incentivado pelo ingl\u00eas Harry Black <em>(um dos donos da Cia. F\u00e1brica Yolanda S\/A)<\/em>, o <strong><em>clube Prolet\u00e1rio<\/em><\/strong> foi <strong>Fundado nos anos 20<\/strong>, por <em>funcion\u00e1rios da ind\u00fastria de tecelagem<\/em>, como <strong><em>F\u00e1brica Yolanda Foot-Ball Club<\/em><\/strong> e as <strong><em>cores em vermelho e branco<\/em><\/strong>.<\/span><\/p>\n<h1><span style=\"color: #000080;\"><strong>HIST\u00d3RIA<\/strong><\/span><\/h1>\n<p><span style=\"color: #000000;\">O seu <strong><em>1\u00ba Presidente<\/em><\/strong>: <em>Raphael Addobbati<\/em> <em>(tamb\u00e9m diretor-presidente da Cia. F\u00e1brica Yolanda S\/A)<\/em>. At\u00e9 o final dos anos 30, a sua primeira Sede ficava localizada na Rua S\u00e3o Miguel, 2.113, no Bairro do Jiqui\u00e1, no Recife.<\/span><\/p>\n<p><span style=\"color: #000000;\">No <em>Domingo, 25 de agosto de 1925<\/em>, inaugurado o <strong><em>Est\u00e1dio do Giqui\u00e1<\/em><\/strong> <em>(Parque Esportivo F\u00e1brica Yolanda)<\/em>, no Recife. Vale ressaltar que a constru\u00e7\u00e3o foi um presente do ingl\u00eas Harry Black ao <strong><em>clube alvianil do Jiqui\u00e1<\/em><\/strong>. Durante anos, o est\u00e1dio, constru\u00eddo no estilo dos campos ingleses, foi considerado o melhor e mais bonito do futebol suburbano recifense.<\/span><\/p>\n<p><img decoding=\"async\" class=\"aligncenter size-full wp-image-74614\" src=\"https:\/\/historiadofutebol.com\/blog\/wp-content\/uploads\/2015\/07\/00-Iolanda-02.jpg\" alt=\"\" \/><\/p>\n<h1><span style=\"color: #000080;\"><strong>MUDAN\u00c7A DAS CORES<\/strong><\/span><\/h1>\n<p><span style=\"color: #000000;\">Em 1937, o <strong>Iolanda<\/strong> passou por uma reorganiza\u00e7\u00e3o o que culminou com algumas mudan\u00e7as, como por exemplo, a troca das <strong><em>cores vermelha e branca<\/em><\/strong> pelo <strong><em>azul e branco<\/em><\/strong>.<\/span><\/p>\n<p><span style=\"color: #000000;\">Na d\u00e9cada de 40, mudou de <strong><em>Sede<\/em> <\/strong>e se fixou na <em>Avenida Jos\u00e9 Rufino, 13, no Jiqui\u00e1<\/em>. Esta vila era composta de resid\u00eancias dos oper\u00e1rios que trabalhavam na F\u00e1brica Yolanda.<\/span><\/p>\n<p><span style=\"color: #000000;\">Nos anos 30, o Iolanda se filiou a <strong><em>Associa\u00e7\u00e3o Suburbana de Desportes Terrestres (ASDT)<\/em><\/strong>. Na d\u00e9cada seguinte passou para a <strong><em>Federa\u00e7\u00e3o Pernambucana de Desportos (FPD)<\/em><\/strong>. Ao longo de quatro d\u00e9cadas de exist\u00eancia, participou do <strong><em>Campeonato Suburbano<\/em><\/strong> e <strong><em>Segunda Divis\u00e3o<\/em><\/strong>.<\/span><\/p>\n<h1><span style=\"color: #000080;\"><strong>JOGOS CONTRA SPORT E SANTA CRUZ<\/strong><\/span><\/h1>\n<p><span style=\"color: #000000;\">No dia 8 de fevereiro de 1942 inaugurou a sua nova pra\u00e7a de esportes, num amistoso diante do <strong><em>Sport Recife<\/em><\/strong>. Apesar dos jornais destacarem como &#8220;<em>nova pra\u00e7a de esportes<\/em>&#8220;, na verdade o antigo est\u00e1dio foi remodelado, permanecendo o <strong>Iolanda<\/strong> no endere\u00e7o e campo.<\/span><\/p>\n<p><span style=\"color: #000000;\">No Domingo, 27 de Janeiro de 1946, o <strong>Iolanda<\/strong> enfrentou o <strong><em>Santa Cruz<\/em><\/strong>, no seu Est\u00e1dio completamente lotado. Apesar de todo o poderio e prestigio, <strong><em>clube Prolet\u00e1rio<\/em><\/strong> fez uma grande partida e foi para o intervalo com uma vantagem de dois a zero. Na etapa final, bastaram cinco minutos de desaten\u00e7\u00e3o para o <strong><em>Santa<\/em><\/strong> empatar. Da\u00ed at\u00e9 o final, o Iolanda jogou de igual para igual e por muito pouco n\u00e3o venceu a peleja.<\/span><\/p>\n<p><span style=\"color: #000000;\">Nos anos 50, nova mudan\u00e7a. Desta vez a Sede passou a ser na <em>Vila Yolanda, s\/n, no bairro de Jiqui\u00e1, no Recife<\/em>. Nos anos 60, a \u00faltima mudan\u00e7a de Sede: <em>Rua<\/em><em> Harry Black, s\/n &#8211; Jiqui\u00e1, Cidade Recife<\/em>.<\/span><\/p>\n<p><img loading=\"lazy\" decoding=\"async\" class=\"aligncenter size-full wp-image-74615\" src=\"https:\/\/historiadofutebol.com\/blog\/wp-content\/uploads\/2015\/07\/00-Iolanda.jpg\" alt=\"\" width=\"1584\" height=\"2120\" srcset=\"https:\/\/historiadofutebol.com\/blog\/wp-content\/uploads\/2015\/07\/00-Iolanda.jpg 1584w, https:\/\/historiadofutebol.com\/blog\/wp-content\/uploads\/2015\/07\/00-Iolanda-224x300.jpg 224w, https:\/\/historiadofutebol.com\/blog\/wp-content\/uploads\/2015\/07\/00-Iolanda-373x500.jpg 373w\" sizes=\"auto, (max-width: 1584px) 100vw, 1584px\" \/><\/p>\n<h1><span style=\"color: #000080;\"><strong>T\u00cdTULOS<\/strong><\/span><\/h1>\n<p><span style=\"color: #000000;\"><em>Campe\u00e3o do Torneio In\u00edcio (Zona Sul) de 1939;<\/em><\/span><\/p>\n<p><span style=\"color: #000000;\"><em>Campe\u00e3o do Torneio In\u00edcio da 2\u00aa Divis\u00e3o de 1966;<\/em><\/span><\/p>\n<p><span style=\"color: #000000;\"><em>Pentacampe\u00e3o do Campeonato Suburbano: 1958, 1959, 1960, 1961 e 1962.<\/em><\/span><\/p>\n<p><span style=\"color: #000000;\">Campe\u00e3o do Campeonato da 2\u00aa Divis\u00e3o: 1965<\/span><\/p>\n<p><span style=\"color: #000000;\"><em><strong>Elenco de 1926:<\/strong> Illo, Juca, Nilo, Jorge, Sebasti\u00e3o, Miro, B\u00e1, Agnello, Zilo, Rodrigues, Jorge II, Oliveira, Aymbir\u00e9, Meira, Joaquim, Baptista, Edgard, Virgilio, Ruy, Joaquim II, Erbraim e Ivan.<\/em><\/span><\/p>\n<p><span style=\"color: #000000;\"><em><strong>Time-base de 1937:<\/strong> Neco; Jo\u00e3o Elias e Duda; Aldemar, Rubens e Fernando; Mi\u00f4lo, Juca, Edgar, J. Pequeno e Mangueira.<\/em><\/span><\/p>\n<p><span style=\"color: #000000;\"><em><strong>Time-base de 1946:<\/strong> Caruaru; Tiburcio e Rubam; Demostenes, Pompilio e Mizael; Carlos, Alberico, Galego, Z\u00e9 Pequeno e Djalma. <strong>T\u00e9cnico:<\/strong> Ilo Just<\/em><\/span><\/p>\n<p><span style=\"color: #000000;\"><em><strong>Time-base de 1957:<\/strong> Lunga; Aluisio, Vav\u00e1, Toinho e Valdeck; Tuta, Jair e Vav\u00e1; II, Jackson e Alb\u00e9rico.<\/em><\/span><\/p>\n<p><span style=\"color: #000000;\"><em><strong>Time-base de 1961:<\/strong> Vado; Joel e Toinho; Z\u00e9 Maria, Vando e Et\u00eanio; Neca, Neco, Nago, Jaques e Lelo.<\/em><\/span><\/p>\n<p><span style=\"color: #000000;\"><em><strong>Time-base de 1965:\u00a0<\/strong><\/em><em>Nen\u00e9m; Guabera, Toinho, X\u00f3 e Mirim; Z\u00e9 Queiroz e Gilberto; Peba, Jair, Jairo e Lel\u00f3.<\/em><\/span><\/p>\n<p><span style=\"color: #0000ff;\"><strong><em><span style=\"text-decoration: underline;\">FONTES<\/span><\/em><\/strong><strong><em>:<\/em><\/strong><em> Di\u00e1rio de Pernambuco (PE) \u2013 Jornal de Recife (PE) \u2013 A Prov\u00edncia (PE)\u00a0<\/em><\/span><\/p>\n","protected":false},"excerpt":{"rendered":"<p>Por S\u00e9rgio Mello A F\u00e1brica Yolanda Futebol Clube foi uma agremia\u00e7\u00e3o da cidade do Recife (PE). Incentivado pelo ingl\u00eas Harry Black (um dos donos da Cia. F\u00e1brica Yolanda S\/A), o clube Prolet\u00e1rio foi Fundado nos anos 20, por funcion\u00e1rios da ind\u00fastria de tecelagem, como F\u00e1brica Yolanda Foot-Ball Club e as cores em vermelho e branco. [&hellip;]<\/p>\n","protected":false},"author":55,"featured_media":0,"comment_status":"open","ping_status":"closed","sticky":false,"template":"","format":"standard","meta":{"footnotes":""},"categories":[203,83,59,3,43],"tags":[],"class_list":["post-74613","post","type-post","status-publish","format-standard","hentry","category-sergio-mello","category-x9-curiosidades","category-escudos","category-historia-do-futebol","category-pernambuco"],"_links":{"self":[{"href":"https:\/\/historiadofutebol.com\/blog\/index.php?rest_route=\/wp\/v2\/posts\/74613","targetHints":{"allow":["GET"]}}],"collection":[{"href":"https:\/\/historiadofutebol.com\/blog\/index.php?rest_route=\/wp\/v2\/posts"}],"about":[{"href":"https:\/\/historiadofutebol.com\/blog\/index.php?rest_route=\/wp\/v2\/types\/post"}],"author":[{"embeddable":true,"href":"https:\/\/historiadofutebol.com\/blog\/index.php?rest_route=\/wp\/v2\/users\/55"}],"replies":[{"embeddable":true,"href":"https:\/\/historiadofutebol.com\/blog\/index.php?rest_route=%2Fwp%2Fv2%2Fcomments&post=74613"}],"version-history":[{"count":9,"href":"https:\/\/historiadofutebol.com\/blog\/index.php?rest_route=\/wp\/v2\/posts\/74613\/revisions"}],"predecessor-version":[{"id":134884,"href":"https:\/\/historiadofutebol.com\/blog\/index.php?rest_route=\/wp\/v2\/posts\/74613\/revisions\/134884"}],"wp:attachment":[{"href":"https:\/\/historiadofutebol.com\/blog\/index.php?rest_route=%2Fwp%2Fv2%2Fmedia&parent=74613"}],"wp:term":[{"taxonomy":"category","embeddable":true,"href":"https:\/\/historiadofutebol.com\/blog\/index.php?rest_route=%2Fwp%2Fv2%2Fcategories&post=74613"},{"taxonomy":"post_tag","embeddable":true,"href":"https:\/\/historiadofutebol.com\/blog\/index.php?rest_route=%2Fwp%2Fv2%2Ftags&post=74613"}],"curies":[{"name":"wp","href":"https:\/\/api.w.org\/{rel}","templated":true}]}}