{"id":74280,"date":"2015-07-07T17:18:58","date_gmt":"2015-07-07T20:18:58","guid":{"rendered":"https:\/\/historiadofutebol.com\/blog\/?p=74280"},"modified":"2015-07-07T17:18:58","modified_gmt":"2015-07-07T20:18:58","slug":"ficha-tecnica-empate-em-1-a-1-com-rio-branco-deu-o-bicampeonato-estadual-para-o-alegrense","status":"publish","type":"post","link":"https:\/\/historiadofutebol.com\/blog\/?p=74280","title":{"rendered":"Ficha-t\u00e9cnica: empate em 1 a 1 com Rio Branco, deu o Bicampeonato Estadual para o Alegrense"},"content":{"rendered":"<p><strong>ALEGRENSE FC\u00a0\u00a0\u00a0 1\u00a0\u00a0\u00a0\u00a0\u00a0\u00a0\u00a0\u00a0\u00a0 X\u00a0\u00a0\u00a0\u00a0\u00a0\u00a0\u00a0\u00a0 1\u00a0\u00a0\u00a0\u00a0\u00a0\u00a0\u00a0\u00a0\u00a0 RIO BRANCO FC<\/strong><\/p>\n<p>DATA: S\u00e1bado, no dia 16 de Junho de 2002\u00a0<strong><\/strong><\/p>\n<p><strong>LOCAL:<\/strong>\u00a0Benedito Le\u00e3o (Alegre);<\/p>\n<p><strong>\u00c1RBITRO:<\/strong>\u00a0Odair Jo\u00e3o Matos (ES);<\/p>\n<p><strong>CART\u00d5ES AMARELOS:<\/strong>\u00a0Fernando, Catitu, Ronaldo, Carlos, Kley,\u00a0Eduardo, Reiger e Rossi (Alegrense); Marcos Roberto, F\u00e1bio Henrique, Sergipano e Vin\u00edcius (Rio Branco)<strong><\/strong><\/p>\n<p><strong>CART\u00d5ES VERMELHOS:<\/strong> Carlos (Alegrense) e Sergipano (Rio Branco)<\/p>\n<p><strong>ALEGRENSE\u00a0<\/strong><strong>\u00a0FC<\/strong><strong>:<\/strong>\u00a0Dirlei, Alan, Luis Cl\u00e1udio, Fernando e Catitu;\u00a0Ronaldo, Carlos, Kley (Rossy) e Bujica (Alexandre Baby);\u00a0Eduardo e Reiger (Marquinho).<strong>T\u00e9cnico:<\/strong>\u00a0Carlos Miguel.<\/p>\n<p><strong>RIO BRANCO<\/strong> <strong>FC<\/strong><strong>:<\/strong>\u00a0Eriv\u00e9lton, Sidnei (Osni), Estev\u00e3o, Sergipano e\u00a0F\u00e1bio Henrique; Dami\u00e3o, Fabr\u00edcio (Djalma), Vin\u00edcius e Marcelo Cabe\u00e7\u00e3o;\u00a0Eduardo e Marcos Roberto (Juninho).\u00a0<strong>T\u00e9cnico:<\/strong>\u00a0Jorge Oliveira Rocha.<\/p>\n<p><strong>Gols:<\/strong>\u00a0Bujica aos 7 minutos e Eduardo 28 minutos do 1\u00ba tempo.<\/p>\n<p>&nbsp;<\/p>\n<p><strong><em>FONTE: <\/em><\/strong><em>\u00a0Site Click nos Campe\u00f5es (Campe\u00f5es capixabas)\u00a0<\/em><\/p>\n","protected":false},"excerpt":{"rendered":"<p>ALEGRENSE FC\u00a0\u00a0\u00a0 1\u00a0\u00a0\u00a0\u00a0\u00a0\u00a0\u00a0\u00a0\u00a0 X\u00a0\u00a0\u00a0\u00a0\u00a0\u00a0\u00a0\u00a0 1\u00a0\u00a0\u00a0\u00a0\u00a0\u00a0\u00a0\u00a0\u00a0 RIO BRANCO FC DATA: S\u00e1bado, no dia 16 de Junho de 2002\u00a0 LOCAL:\u00a0Benedito Le\u00e3o (Alegre); \u00c1RBITRO:\u00a0Odair Jo\u00e3o Matos (ES); CART\u00d5ES AMARELOS:\u00a0Fernando, Catitu, Ronaldo, Carlos, Kley,\u00a0Eduardo, Reiger e Rossi (Alegrense); Marcos Roberto, F\u00e1bio Henrique, Sergipano e Vin\u00edcius (Rio Branco) CART\u00d5ES VERMELHOS: Carlos (Alegrense) e Sergipano (Rio Branco) ALEGRENSE\u00a0\u00a0FC:\u00a0Dirlei, Alan, Luis Cl\u00e1udio, [&hellip;]<\/p>\n","protected":false},"author":55,"featured_media":0,"comment_status":"open","ping_status":"closed","sticky":false,"template":"","format":"standard","meta":{"footnotes":""},"categories":[203,34,3],"tags":[],"class_list":["post-74280","post","type-post","status-publish","format-standard","hentry","category-sergio-mello","category-espirito-santo","category-historia-do-futebol"],"_links":{"self":[{"href":"https:\/\/historiadofutebol.com\/blog\/index.php?rest_route=\/wp\/v2\/posts\/74280","targetHints":{"allow":["GET"]}}],"collection":[{"href":"https:\/\/historiadofutebol.com\/blog\/index.php?rest_route=\/wp\/v2\/posts"}],"about":[{"href":"https:\/\/historiadofutebol.com\/blog\/index.php?rest_route=\/wp\/v2\/types\/post"}],"author":[{"embeddable":true,"href":"https:\/\/historiadofutebol.com\/blog\/index.php?rest_route=\/wp\/v2\/users\/55"}],"replies":[{"embeddable":true,"href":"https:\/\/historiadofutebol.com\/blog\/index.php?rest_route=%2Fwp%2Fv2%2Fcomments&post=74280"}],"version-history":[{"count":1,"href":"https:\/\/historiadofutebol.com\/blog\/index.php?rest_route=\/wp\/v2\/posts\/74280\/revisions"}],"predecessor-version":[{"id":74281,"href":"https:\/\/historiadofutebol.com\/blog\/index.php?rest_route=\/wp\/v2\/posts\/74280\/revisions\/74281"}],"wp:attachment":[{"href":"https:\/\/historiadofutebol.com\/blog\/index.php?rest_route=%2Fwp%2Fv2%2Fmedia&parent=74280"}],"wp:term":[{"taxonomy":"category","embeddable":true,"href":"https:\/\/historiadofutebol.com\/blog\/index.php?rest_route=%2Fwp%2Fv2%2Fcategories&post=74280"},{"taxonomy":"post_tag","embeddable":true,"href":"https:\/\/historiadofutebol.com\/blog\/index.php?rest_route=%2Fwp%2Fv2%2Ftags&post=74280"}],"curies":[{"name":"wp","href":"https:\/\/api.w.org\/{rel}","templated":true}]}}