{"id":73708,"date":"2015-06-25T02:54:22","date_gmt":"2015-06-25T05:54:22","guid":{"rendered":"https:\/\/historiadofutebol.com\/blog\/?p=73708"},"modified":"2015-06-25T02:54:22","modified_gmt":"2015-06-25T05:54:22","slug":"selecao-amazonense-de-1926","status":"publish","type":"post","link":"https:\/\/historiadofutebol.com\/blog\/?p=73708","title":{"rendered":"Sele\u00e7\u00e3o Amazonense de 1926"},"content":{"rendered":"<p><img loading=\"lazy\" decoding=\"async\" class=\"aligncenter size-large wp-image-73709\" src=\"https:\/\/historiadofutebol.com\/blog\/wp-content\/uploads\/2015\/06\/12-500x355.jpg\" alt=\"\" width=\"500\" height=\"355\" srcset=\"https:\/\/historiadofutebol.com\/blog\/wp-content\/uploads\/2015\/06\/12-500x355.jpg 500w, https:\/\/historiadofutebol.com\/blog\/wp-content\/uploads\/2015\/06\/12-300x213.jpg 300w, https:\/\/historiadofutebol.com\/blog\/wp-content\/uploads\/2015\/06\/12.jpg 1015w\" sizes=\"auto, (max-width: 500px) 100vw, 500px\" \/><\/p>\n<p><strong>POR: <\/strong>Gaspar Vieira Neto<br \/>\nNo <strong><em>Campeonato Brasileiro de Sele\u00e7\u00f5es Estaduais de 1926<\/em><\/strong>, o <strong>Amazonas<\/strong> de futebol foi designada para disputar a primeira fase do Torneio em Bel\u00e9m do Par\u00e1. Prevendo isso, a federa\u00e7\u00e3o local tratou de organizar o selecionado amazonense que foi formado pelos melhores jogadores do <strong><em>Nacional<\/em><\/strong>, <strong><em>Rio Negro<\/em><\/strong>, <strong><em>Euterpe<\/em><\/strong> e <strong><em>Uni\u00e3o\u00a0<\/em><\/strong><strong><em>Sportiva<\/em><\/strong> com\u00a0o escrete definido.<\/p>\n<p>Os amazonenses embarcavam no vapor Cuyab\u00e1, no dia 14 de setembro daquele ano, rumo \u00e1 capital paraense. O primeiro compromisso do <strong>Amazonas<\/strong> seria com a sele\u00e7\u00e3o do <strong>Piau\u00ed<\/strong> e,se passasse, enfrentaria os donos da casa. No dia 21 de setembro, no est\u00e1dio do<strong><em> Clube do Remo<\/em><\/strong>, o <strong>Amazonas<\/strong> entrava em campo para enfrentar os piauienses.<\/p>\n<p><img loading=\"lazy\" decoding=\"async\" class=\"aligncenter size-full wp-image-73710\" src=\"https:\/\/historiadofutebol.com\/blog\/wp-content\/uploads\/2015\/06\/116.jpg\" alt=\"\" width=\"865\" height=\"619\" srcset=\"https:\/\/historiadofutebol.com\/blog\/wp-content\/uploads\/2015\/06\/116.jpg 865w, https:\/\/historiadofutebol.com\/blog\/wp-content\/uploads\/2015\/06\/116-300x214.jpg 300w, https:\/\/historiadofutebol.com\/blog\/wp-content\/uploads\/2015\/06\/116-500x357.jpg 500w\" sizes=\"auto, (max-width: 865px) 100vw, 865px\" \/><\/p>\n<p>O jogo foi bastante disputado e terminou com uma vit\u00f3ria apertada dos <strong><em>amazonenses<\/em><\/strong> por 3 a 2, com gols marcados por Vidinho, Waldemar e Patr\u00edcio. Waldemar ainda marcou outro gol, que foi anulado por impedimento. A vit\u00f3ria sobre os piauienses causou um verdadeiro frenesi em Manaus cuja popula\u00e7\u00e3o acompanhou com entusiasmo o andamento da partida,atrav\u00e9s dos telegramas que chegavam.<\/p>\n<p>\u00c0 noite, bastante empolgados,os s\u00f3cios do <strong><em>Nacional<\/em><\/strong>, <strong><em>Rio Negro<\/em><\/strong> e <strong><em>Uni\u00e3o<\/em><\/strong> reuniram-se na sede de seus clubes deixando a fachada dos mesmos iluminadas. Superada a primeira barreira, a partida seguinte seria um osso duro de roer pois os advers\u00e1rios seriam os <strong><em>paraenses<\/em><\/strong>.<\/p>\n<p>O jogo entre os dois estados era aguardado com ansiedade pois se o <strong>Amazonas<\/strong> ganhasse, disputaria, pela primeira vez, partidas no sul do pa\u00eds. <strong>Amazonas<\/strong> e <strong>Par\u00e1<\/strong>, confronto marcado por forte rivalidade, entraram no campo do <strong><em>Clube do Remo<\/em><\/strong> no dia 27 de setembro.<\/p>\n<p>O est\u00e1dio estava completamente lotado, com 10 mil pessoas.O governador do Par\u00e1, Dionysio Bentes, se fazia presente. Em Manaus, a multid\u00e3o acompanhava atentamente o desenrolar da partida, em alto falantes que foram instalados no <strong><em>Parque Amazonense<\/em><\/strong> e que anunciavam, de cinco em cinco minutos, os principais lances do jogo que chegavam de telegramas.<\/p>\n<p>Iniciado o jogo, os paraenses mostravam bom dom\u00ednio de bola e superioridade. O atacante amazonense Leonardo se choca com um jogador advers\u00e1rio e arrebenta o olho que ficou sangrando. Devido a isso,acabou saindo de campo mais voltava depois. Quando acabou o primeiro tempo, os paraenses venciam por 5 a 0.<\/p>\n<p>Iniciado o segundo tempo,apesar das v\u00e1rias tentativas do ataque Bar\u00e9, n\u00e3o foi poss\u00edvel vencer a meta do bom goleiro Seabra. O <strong><em>Par\u00e1<\/em><\/strong> ainda conseguiu marcar mais dois gols, terminando o jogo com o seguinte resultado: Sele\u00e7\u00e3o do Par\u00e1 7 a 0 Sele\u00e7\u00e3o do Amazonas. Os gols foram de Santana (dois), Cobrador, Vadico, Marituba e Camar\u00e3o.<\/p>\n<p><em><strong>Amazonas:<\/strong> Lisboa; Oliveira e Rodolpho; S\u00f3crates, Cangalhas e Dantas; Orlando, Vidinho, Carlito, Waldemar e Leonardo.<\/em><\/p>\n<p><em><strong>Par\u00e1: <\/strong>Seabra; Evandro e Serra; Britto, Marituba e Bandeira; Cobrador, Vadico, Camar\u00e3o, Marinheiro e Santana.<\/em><\/p>\n<p>Eliminados,os <strong><em>amazonenses<\/em><\/strong> embarcavam no vapor Victoria rumo \u00e1 Manaus. Ao fazerem uma parada na cidade de Santar\u00e9m, foram convidados pelos dirigentes locais para uma partida contra a sele\u00e7\u00e3o do munic\u00edpio. Os <strong><em>amazonenses<\/em><\/strong> golearam os santarenos por 7 a 1. A delega\u00e7\u00e3o amazonense chegou a Manaus no dia 5 de outubro e foram recebidos com festa pela multid\u00e3o que aguardava no Porto. \u00c1 noite, a federa\u00e7\u00e3o local realizou um banquete, em sua sede, em honra aos bravos jogadores amazonenses.<\/p>\n<p>&nbsp;<\/p>\n<p><em><strong>FONTE:<\/strong><\/em><em>\u00a0Professor e Pesquisador do Futebol Amazonense, Gaspar Vieira Neto<\/em><em>\u00a0<\/em><\/p>\n","protected":false},"excerpt":{"rendered":"<p>POR: Gaspar Vieira Neto No Campeonato Brasileiro de Sele\u00e7\u00f5es Estaduais de 1926, o Amazonas de futebol foi designada para disputar a primeira fase do Torneio em Bel\u00e9m do Par\u00e1. Prevendo isso, a federa\u00e7\u00e3o local tratou de organizar o selecionado amazonense que foi formado pelos melhores jogadores do Nacional, Rio Negro, Euterpe e Uni\u00e3o\u00a0Sportiva com\u00a0o escrete [&hellip;]<\/p>\n","protected":false},"author":55,"featured_media":0,"comment_status":"open","ping_status":"closed","sticky":false,"template":"","format":"standard","meta":{"footnotes":""},"categories":[203,27,83,59,3,42],"tags":[],"class_list":["post-73708","post","type-post","status-publish","format-standard","hentry","category-sergio-mello","category-amazonas","category-x9-curiosidades","category-escudos","category-historia-do-futebol","category-para"],"_links":{"self":[{"href":"https:\/\/historiadofutebol.com\/blog\/index.php?rest_route=\/wp\/v2\/posts\/73708","targetHints":{"allow":["GET"]}}],"collection":[{"href":"https:\/\/historiadofutebol.com\/blog\/index.php?rest_route=\/wp\/v2\/posts"}],"about":[{"href":"https:\/\/historiadofutebol.com\/blog\/index.php?rest_route=\/wp\/v2\/types\/post"}],"author":[{"embeddable":true,"href":"https:\/\/historiadofutebol.com\/blog\/index.php?rest_route=\/wp\/v2\/users\/55"}],"replies":[{"embeddable":true,"href":"https:\/\/historiadofutebol.com\/blog\/index.php?rest_route=%2Fwp%2Fv2%2Fcomments&post=73708"}],"version-history":[{"count":1,"href":"https:\/\/historiadofutebol.com\/blog\/index.php?rest_route=\/wp\/v2\/posts\/73708\/revisions"}],"predecessor-version":[{"id":73711,"href":"https:\/\/historiadofutebol.com\/blog\/index.php?rest_route=\/wp\/v2\/posts\/73708\/revisions\/73711"}],"wp:attachment":[{"href":"https:\/\/historiadofutebol.com\/blog\/index.php?rest_route=%2Fwp%2Fv2%2Fmedia&parent=73708"}],"wp:term":[{"taxonomy":"category","embeddable":true,"href":"https:\/\/historiadofutebol.com\/blog\/index.php?rest_route=%2Fwp%2Fv2%2Fcategories&post=73708"},{"taxonomy":"post_tag","embeddable":true,"href":"https:\/\/historiadofutebol.com\/blog\/index.php?rest_route=%2Fwp%2Fv2%2Ftags&post=73708"}],"curies":[{"name":"wp","href":"https:\/\/api.w.org\/{rel}","templated":true}]}}