{"id":73152,"date":"2015-06-11T02:12:16","date_gmt":"2015-06-11T05:12:16","guid":{"rendered":"https:\/\/historiadofutebol.com\/blog\/?p=73152"},"modified":"2015-06-11T03:16:46","modified_gmt":"2015-06-11T06:16:46","slug":"campeoes-pernambucanos-em-1943","status":"publish","type":"post","link":"https:\/\/historiadofutebol.com\/blog\/?p=73152","title":{"rendered":"Campe\u00f5es Pernambucanos em 1943"},"content":{"rendered":"<p>A <em><strong>Federa\u00e7\u00e3o Pernambucana de Desportos (FPD)<\/strong><\/em> homologou os t\u00edtulos conquistados em <strong><em>1943<\/em><\/strong> pelas seguintes agremia\u00e7\u00f5es:<\/p>\n<p><strong>Campe\u00f5es Pernambucanos de 1943<\/strong><\/p>\n<p>&nbsp;<\/p>\n<p><strong>Santa Cruz FC<\/strong> &#8211; Campeonato da Primeira Divis\u00e3o\u00a0(profissional);<\/p>\n<p><strong>Sport Recife<\/strong> &#8211; Campeonato da\u00a0Primeira Divis\u00e3o\u00a0(categoria Juvenil);<\/p>\n<p><strong>AE Cia. Portella<\/strong> &#8211; Campeonato da\u00a02\u00aa Divis\u00e3o\u00a0(Primeiros quadros. O Moinho Recife foi o vice);<\/p>\n<p><strong>Moinho Recife<\/strong> &#8211; Campeonato da\u00a02\u00aa Divis\u00e3o\u00a0\u00a0(Segundos quadros);<\/p>\n<p><strong>Tacaruna Futebol Clube, do Jaboat\u00e3o<\/strong>\u00a0&#8211; Campeonato da\u00a03\u00aa Divis\u00e3o\u00a0(Primeiros quadros);<\/p>\n<p><strong>Tacaruna Futebol Clube, do Jaboat\u00e3o<\/strong>\u00a0&#8211; Campeonato da\u00a03\u00aa Divis\u00e3o\u00a0(Segundos quadros).<\/p>\n<p>&nbsp;<\/p>\n<p><em><strong>FONTE:<\/strong> Di\u00e1rio de Pernambuco<\/em><\/p>\n","protected":false},"excerpt":{"rendered":"<p>A Federa\u00e7\u00e3o Pernambucana de Desportos (FPD) homologou os t\u00edtulos conquistados em 1943 pelas seguintes agremia\u00e7\u00f5es: Campe\u00f5es Pernambucanos de 1943 &nbsp; Santa Cruz FC &#8211; Campeonato da Primeira Divis\u00e3o\u00a0(profissional); Sport Recife &#8211; Campeonato da\u00a0Primeira Divis\u00e3o\u00a0(categoria Juvenil); AE Cia. Portella &#8211; Campeonato da\u00a02\u00aa Divis\u00e3o\u00a0(Primeiros quadros. O Moinho Recife foi o vice); Moinho Recife &#8211; Campeonato da\u00a02\u00aa Divis\u00e3o\u00a0\u00a0(Segundos [&hellip;]<\/p>\n","protected":false},"author":55,"featured_media":0,"comment_status":"open","ping_status":"closed","sticky":false,"template":"","format":"standard","meta":{"footnotes":""},"categories":[203,3,43],"tags":[],"class_list":["post-73152","post","type-post","status-publish","format-standard","hentry","category-sergio-mello","category-historia-do-futebol","category-pernambuco"],"_links":{"self":[{"href":"https:\/\/historiadofutebol.com\/blog\/index.php?rest_route=\/wp\/v2\/posts\/73152","targetHints":{"allow":["GET"]}}],"collection":[{"href":"https:\/\/historiadofutebol.com\/blog\/index.php?rest_route=\/wp\/v2\/posts"}],"about":[{"href":"https:\/\/historiadofutebol.com\/blog\/index.php?rest_route=\/wp\/v2\/types\/post"}],"author":[{"embeddable":true,"href":"https:\/\/historiadofutebol.com\/blog\/index.php?rest_route=\/wp\/v2\/users\/55"}],"replies":[{"embeddable":true,"href":"https:\/\/historiadofutebol.com\/blog\/index.php?rest_route=%2Fwp%2Fv2%2Fcomments&post=73152"}],"version-history":[{"count":1,"href":"https:\/\/historiadofutebol.com\/blog\/index.php?rest_route=\/wp\/v2\/posts\/73152\/revisions"}],"predecessor-version":[{"id":73153,"href":"https:\/\/historiadofutebol.com\/blog\/index.php?rest_route=\/wp\/v2\/posts\/73152\/revisions\/73153"}],"wp:attachment":[{"href":"https:\/\/historiadofutebol.com\/blog\/index.php?rest_route=%2Fwp%2Fv2%2Fmedia&parent=73152"}],"wp:term":[{"taxonomy":"category","embeddable":true,"href":"https:\/\/historiadofutebol.com\/blog\/index.php?rest_route=%2Fwp%2Fv2%2Fcategories&post=73152"},{"taxonomy":"post_tag","embeddable":true,"href":"https:\/\/historiadofutebol.com\/blog\/index.php?rest_route=%2Fwp%2Fv2%2Ftags&post=73152"}],"curies":[{"name":"wp","href":"https:\/\/api.w.org\/{rel}","templated":true}]}}