{"id":72134,"date":"2015-05-10T10:40:29","date_gmt":"2015-05-10T13:40:29","guid":{"rendered":"https:\/\/historiadofutebol.com\/blog\/?p=72134"},"modified":"2015-05-10T10:40:29","modified_gmt":"2015-05-10T13:40:29","slug":"jogo-historico-selecao-de-ghana-x-costeirarj","status":"publish","type":"post","link":"https:\/\/historiadofutebol.com\/blog\/?p=72134","title":{"rendered":"Jogo Hist\u00f3rico &#8211; Sele\u00e7\u00e3o de Ghana x Costeira(RJ)"},"content":{"rendered":"<table border=\"1\" cellspacing=\"0\" cellpadding=\"0\">\n<tbody>\n<tr>\n<td colspan=\"2\" valign=\"top\" width=\"501\"><strong>SELE\u00c7\u00c3O DE GHANA<\/strong><\/td>\n<td valign=\"top\" width=\"66\">\n<p align=\"center\"><strong>2<\/strong><\/p>\n<\/td>\n<\/tr>\n<tr>\n<td colspan=\"2\" valign=\"top\" width=\"501\"><strong>EC COSTEIRA (NITER\u00d3I-RJ)<\/strong><\/td>\n<td valign=\"top\" width=\"66\">\n<p align=\"center\"><strong>0<\/strong><\/p>\n<\/td>\n<\/tr>\n<tr>\n<td valign=\"top\" width=\"264\">Data \u2013 05 de agosto de 1977<\/td>\n<td colspan=\"2\" valign=\"top\" width=\"302\">Local \u2013 Est\u00e1dio Assis Abdala, em Niter\u00f3i \u2013 RJ<\/td>\n<\/tr>\n<tr>\n<td valign=\"top\" width=\"264\">Juiz \u2013 Reinaldo Farias<\/td>\n<td colspan=\"2\" valign=\"top\" width=\"302\">Car\u00e1ter \u2013 Amistoso Internacional<\/td>\n<\/tr>\n<tr>\n<td colspan=\"3\" valign=\"top\" width=\"566\">Gols \u2013 Afriee e Quarsheie<\/td>\n<\/tr>\n<tr>\n<td colspan=\"3\" valign=\"top\" width=\"566\">Sele\u00e7\u00e3o de Gana \u2013 Carl, Haruna, Bashiru, Awuley e Keynkyenhe, Dadrie, Razak e Quarsheie, Yawson, Afriee e Polo.<\/td>\n<\/tr>\n<tr>\n<td colspan=\"3\" valign=\"top\" width=\"566\">Costeira(RJ) \u2013 Tonho, Mario, Zequinha, Get\u00falio e Garrincha, Evancir (Hmberto), Gutinha e Vanderlei, Ailson, Daniel e Claudio (Sidnei).<\/td>\n<\/tr>\n<\/tbody>\n<\/table>\n","protected":false},"excerpt":{"rendered":"<p>SELE\u00c7\u00c3O DE GHANA 2 EC COSTEIRA (NITER\u00d3I-RJ) 0 Data \u2013 05 de agosto de 1977 Local \u2013 Est\u00e1dio Assis Abdala, em Niter\u00f3i \u2013 RJ Juiz \u2013 Reinaldo Farias Car\u00e1ter \u2013 Amistoso Internacional Gols \u2013 Afriee e Quarsheie Sele\u00e7\u00e3o de Gana \u2013 Carl, Haruna, Bashiru, Awuley e Keynkyenhe, Dadrie, Razak e Quarsheie, Yawson, Afriee e Polo. [&hellip;]<\/p>\n","protected":false},"author":6,"featured_media":0,"comment_status":"open","ping_status":"closed","sticky":false,"template":"","format":"standard","meta":{"footnotes":""},"categories":[96,84,108],"tags":[],"class_list":["post-72134","post","type-post","status-publish","format-standard","hentry","category-julio-diogo","category-amistosos-internacionais","category-jogos-historicos"],"_links":{"self":[{"href":"https:\/\/historiadofutebol.com\/blog\/index.php?rest_route=\/wp\/v2\/posts\/72134","targetHints":{"allow":["GET"]}}],"collection":[{"href":"https:\/\/historiadofutebol.com\/blog\/index.php?rest_route=\/wp\/v2\/posts"}],"about":[{"href":"https:\/\/historiadofutebol.com\/blog\/index.php?rest_route=\/wp\/v2\/types\/post"}],"author":[{"embeddable":true,"href":"https:\/\/historiadofutebol.com\/blog\/index.php?rest_route=\/wp\/v2\/users\/6"}],"replies":[{"embeddable":true,"href":"https:\/\/historiadofutebol.com\/blog\/index.php?rest_route=%2Fwp%2Fv2%2Fcomments&post=72134"}],"version-history":[{"count":1,"href":"https:\/\/historiadofutebol.com\/blog\/index.php?rest_route=\/wp\/v2\/posts\/72134\/revisions"}],"predecessor-version":[{"id":72135,"href":"https:\/\/historiadofutebol.com\/blog\/index.php?rest_route=\/wp\/v2\/posts\/72134\/revisions\/72135"}],"wp:attachment":[{"href":"https:\/\/historiadofutebol.com\/blog\/index.php?rest_route=%2Fwp%2Fv2%2Fmedia&parent=72134"}],"wp:term":[{"taxonomy":"category","embeddable":true,"href":"https:\/\/historiadofutebol.com\/blog\/index.php?rest_route=%2Fwp%2Fv2%2Fcategories&post=72134"},{"taxonomy":"post_tag","embeddable":true,"href":"https:\/\/historiadofutebol.com\/blog\/index.php?rest_route=%2Fwp%2Fv2%2Ftags&post=72134"}],"curies":[{"name":"wp","href":"https:\/\/api.w.org\/{rel}","templated":true}]}}