{"id":72131,"date":"2015-05-10T10:33:03","date_gmt":"2015-05-10T13:33:03","guid":{"rendered":"https:\/\/historiadofutebol.com\/blog\/?p=72131"},"modified":"2015-05-10T10:33:03","modified_gmt":"2015-05-10T13:33:03","slug":"jogo-historico-manufatorarj-x-selecao-do-qatar","status":"publish","type":"post","link":"https:\/\/historiadofutebol.com\/blog\/?p=72131","title":{"rendered":"Jogo Hist\u00f3rico &#8211; Manufatora(RJ) x Sele\u00e7\u00e3o do Qatar"},"content":{"rendered":"<table border=\"1\" cellspacing=\"0\" cellpadding=\"0\">\n<tbody>\n<tr>\n<td colspan=\"2\" valign=\"top\" width=\"501\"><strong>MANUFATORA AC (NITER\u00d3I-RJ)<\/strong><\/td>\n<td valign=\"top\" width=\"66\">\n<p align=\"center\"><strong>1<\/strong><\/p>\n<\/td>\n<\/tr>\n<tr>\n<td colspan=\"2\" valign=\"top\" width=\"501\"><strong>SELE\u00c7\u00c3O DO QATAR<\/strong><\/td>\n<td valign=\"top\" width=\"66\">\n<p align=\"center\"><strong>0<\/strong><\/p>\n<\/td>\n<\/tr>\n<tr>\n<td valign=\"top\" width=\"264\">Data \u2013 01 de agosto de 1977<\/td>\n<td colspan=\"2\" valign=\"top\" width=\"302\">Local \u2013 Est\u00e1dio Assis Abdala, em Niter\u00f3i \u2013 RJ<\/td>\n<\/tr>\n<tr>\n<td valign=\"top\" width=\"264\">Juiz \u2013 Valdir Barbosa<\/td>\n<td colspan=\"2\" valign=\"top\" width=\"302\">Car\u00e1ter \u2013 Amistoso Internacional<\/td>\n<\/tr>\n<tr>\n<td colspan=\"3\" valign=\"top\" width=\"566\">Gol \u2013 Buzuquinha<\/td>\n<\/tr>\n<tr>\n<td colspan=\"3\" valign=\"top\" width=\"566\">Manufatora(RJ) \u2013 Carlos, Mendon\u00e7a, Burico, Marco Aur\u00e9lio e Uberaba, Caco, Zica e Sergio Coca, Jairo (Mirimho), Buzuquinha (Buzuca) e Marco Aurelio.<\/td>\n<\/tr>\n<tr>\n<td colspan=\"3\" valign=\"top\" width=\"566\">Sele\u00e7\u00e3o do Qatar \u2013 Hussin, Amber, Mubark, Salman e Abdul, Said, Salili Kalban e Mansour, Mohamed, Hassan e Hassan El Kabe (Mahoub)<\/td>\n<\/tr>\n<\/tbody>\n<\/table>\n","protected":false},"excerpt":{"rendered":"<p>MANUFATORA AC (NITER\u00d3I-RJ) 1 SELE\u00c7\u00c3O DO QATAR 0 Data \u2013 01 de agosto de 1977 Local \u2013 Est\u00e1dio Assis Abdala, em Niter\u00f3i \u2013 RJ Juiz \u2013 Valdir Barbosa Car\u00e1ter \u2013 Amistoso Internacional Gol \u2013 Buzuquinha Manufatora(RJ) \u2013 Carlos, Mendon\u00e7a, Burico, Marco Aur\u00e9lio e Uberaba, Caco, Zica e Sergio Coca, Jairo (Mirimho), Buzuquinha (Buzuca) e Marco [&hellip;]<\/p>\n","protected":false},"author":6,"featured_media":0,"comment_status":"open","ping_status":"closed","sticky":false,"template":"","format":"standard","meta":{"footnotes":""},"categories":[96,84,108],"tags":[],"class_list":["post-72131","post","type-post","status-publish","format-standard","hentry","category-julio-diogo","category-amistosos-internacionais","category-jogos-historicos"],"_links":{"self":[{"href":"https:\/\/historiadofutebol.com\/blog\/index.php?rest_route=\/wp\/v2\/posts\/72131","targetHints":{"allow":["GET"]}}],"collection":[{"href":"https:\/\/historiadofutebol.com\/blog\/index.php?rest_route=\/wp\/v2\/posts"}],"about":[{"href":"https:\/\/historiadofutebol.com\/blog\/index.php?rest_route=\/wp\/v2\/types\/post"}],"author":[{"embeddable":true,"href":"https:\/\/historiadofutebol.com\/blog\/index.php?rest_route=\/wp\/v2\/users\/6"}],"replies":[{"embeddable":true,"href":"https:\/\/historiadofutebol.com\/blog\/index.php?rest_route=%2Fwp%2Fv2%2Fcomments&post=72131"}],"version-history":[{"count":2,"href":"https:\/\/historiadofutebol.com\/blog\/index.php?rest_route=\/wp\/v2\/posts\/72131\/revisions"}],"predecessor-version":[{"id":72133,"href":"https:\/\/historiadofutebol.com\/blog\/index.php?rest_route=\/wp\/v2\/posts\/72131\/revisions\/72133"}],"wp:attachment":[{"href":"https:\/\/historiadofutebol.com\/blog\/index.php?rest_route=%2Fwp%2Fv2%2Fmedia&parent=72131"}],"wp:term":[{"taxonomy":"category","embeddable":true,"href":"https:\/\/historiadofutebol.com\/blog\/index.php?rest_route=%2Fwp%2Fv2%2Fcategories&post=72131"},{"taxonomy":"post_tag","embeddable":true,"href":"https:\/\/historiadofutebol.com\/blog\/index.php?rest_route=%2Fwp%2Fv2%2Ftags&post=72131"}],"curies":[{"name":"wp","href":"https:\/\/api.w.org\/{rel}","templated":true}]}}