{"id":721,"date":"2007-09-21T13:56:19","date_gmt":"2007-09-21T16:56:19","guid":{"rendered":"http:\/\/blog.soccerlogos.com.br\/2007\/09\/21\/serieonde-esta-vocecarlos-germano\/"},"modified":"2007-09-21T13:56:19","modified_gmt":"2007-09-21T16:56:19","slug":"serieonde-esta-vocecarlos-germano","status":"publish","type":"post","link":"https:\/\/historiadofutebol.com\/blog\/?p=721","title":{"rendered":"S\u00c9RIE:ONDE EST\u00c1 VOC\u00ca????CARLOS GERMANO"},"content":{"rendered":"<p>Quem quiser colocar outros seria legal,se lembram do Carlos Germano???Antigo goleiro de Vasco,Santos,Botafogo e muitos outros clubes al\u00e9m da sele\u00e7\u00e3o brasileira.<\/p>\n<p>Pois ent\u00e3o o bom goleiro agora aos 37 anos,mostra sua categoria no EC Campinho clube de Domingos Martins-ES,local onde nasceu e que disputar\u00e1 a Copa Sul do Estado.<br \/>\nValeu Germano!!!!<\/p>\n<p>[img:carlos_germano.jpg,resized,centralizado]<\/p>\n","protected":false},"excerpt":{"rendered":"<p>Quem quiser colocar outros seria legal,se lembram do Carlos Germano???Antigo goleiro de Vasco,Santos,Botafogo e muitos outros clubes al\u00e9m da sele\u00e7\u00e3o brasileira. Pois ent\u00e3o o bom goleiro agora aos 37 anos,mostra sua categoria no EC Campinho clube de Domingos Martins-ES,local onde nasceu e que disputar\u00e1 a Copa Sul do Estado. Valeu Germano!!!! [img:carlos_germano.jpg,resized,centralizado]<\/p>\n","protected":false},"author":8,"featured_media":0,"comment_status":"open","ping_status":"closed","sticky":false,"template":"","format":"standard","meta":{"footnotes":""},"categories":[62,68],"tags":[],"class_list":["post-721","post","type-post","status-publish","format-standard","hentry","category-eduardo-cacella","category-blog-historia-do-futebol"],"_links":{"self":[{"href":"https:\/\/historiadofutebol.com\/blog\/index.php?rest_route=\/wp\/v2\/posts\/721","targetHints":{"allow":["GET"]}}],"collection":[{"href":"https:\/\/historiadofutebol.com\/blog\/index.php?rest_route=\/wp\/v2\/posts"}],"about":[{"href":"https:\/\/historiadofutebol.com\/blog\/index.php?rest_route=\/wp\/v2\/types\/post"}],"author":[{"embeddable":true,"href":"https:\/\/historiadofutebol.com\/blog\/index.php?rest_route=\/wp\/v2\/users\/8"}],"replies":[{"embeddable":true,"href":"https:\/\/historiadofutebol.com\/blog\/index.php?rest_route=%2Fwp%2Fv2%2Fcomments&post=721"}],"version-history":[{"count":0,"href":"https:\/\/historiadofutebol.com\/blog\/index.php?rest_route=\/wp\/v2\/posts\/721\/revisions"}],"wp:attachment":[{"href":"https:\/\/historiadofutebol.com\/blog\/index.php?rest_route=%2Fwp%2Fv2%2Fmedia&parent=721"}],"wp:term":[{"taxonomy":"category","embeddable":true,"href":"https:\/\/historiadofutebol.com\/blog\/index.php?rest_route=%2Fwp%2Fv2%2Fcategories&post=721"},{"taxonomy":"post_tag","embeddable":true,"href":"https:\/\/historiadofutebol.com\/blog\/index.php?rest_route=%2Fwp%2Fv2%2Ftags&post=721"}],"curies":[{"name":"wp","href":"https:\/\/api.w.org\/{rel}","templated":true}]}}