{"id":720,"date":"2007-09-21T13:50:16","date_gmt":"2007-09-21T16:50:16","guid":{"rendered":"http:\/\/blog.soccerlogos.com.br\/2007\/09\/21\/hino-do-veranopolis-rs\/"},"modified":"2010-01-25T22:04:42","modified_gmt":"2010-01-26T00:04:42","slug":"hino-do-veranopolis-rs","status":"publish","type":"post","link":"https:\/\/historiadofutebol.com\/blog\/?p=720","title":{"rendered":"HINO DO VERAN\u00d3POLIS-RS"},"content":{"rendered":"<p>Surgiste da for\u00e7a de um povo,<br \/>\nQue unido provou seu valor,<br \/>\nHoje \u00e9s orgulho, tima\u00e7o do peito,<br \/>\nVEC \u2013 pentacolor<br \/>\n\u00d3h, Veran\u00f3polis, meu campe\u00e3o<br \/>\nBravo e forte, vibra cora\u00e7\u00e3o,<br \/>\n\u00d3h, Veran\u00f3polis, meu campe\u00e3o,<br \/>\nBravo e forte, vibra cora\u00e7\u00e3o.<\/p>\n<p>Teu nome ecoa na serra,<br \/>\nFaz parte da nossa hist\u00f3ria,<br \/>\nTorcida unida \u00e9 ra\u00e7a,<br \/>\nTeu lema \u00e9 sempre vit\u00f3ria.<\/p>\n<p>\u00d3h Veran\u00f3polis, meu campe\u00e3o<br \/>\nBravo e forte, vibra cora\u00e7\u00e3o,<br \/>\n\u00d3h Veran\u00f3polis, meu campe\u00e3o<br \/>\nBravo e forte, vibra cora\u00e7\u00e3o.<\/p>\n","protected":false},"excerpt":{"rendered":"<p>Surgiste da for\u00e7a de um povo, Que unido provou seu valor, Hoje \u00e9s orgulho, tima\u00e7o do peito, VEC \u2013 pentacolor \u00d3h, Veran\u00f3polis, meu campe\u00e3o Bravo e forte, vibra cora\u00e7\u00e3o, \u00d3h, Veran\u00f3polis, meu campe\u00e3o, Bravo e forte, vibra cora\u00e7\u00e3o. Teu nome ecoa na serra, Faz parte da nossa hist\u00f3ria, Torcida unida \u00e9 ra\u00e7a, Teu lema \u00e9 [&hellip;]<\/p>\n","protected":false},"author":8,"featured_media":0,"comment_status":"open","ping_status":"closed","sticky":false,"template":"","format":"standard","meta":{"footnotes":""},"categories":[62,68,87],"tags":[],"class_list":["post-720","post","type-post","status-publish","format-standard","hentry","category-eduardo-cacella","category-blog-historia-do-futebol","category-hinos-de-clubes"],"_links":{"self":[{"href":"https:\/\/historiadofutebol.com\/blog\/index.php?rest_route=\/wp\/v2\/posts\/720","targetHints":{"allow":["GET"]}}],"collection":[{"href":"https:\/\/historiadofutebol.com\/blog\/index.php?rest_route=\/wp\/v2\/posts"}],"about":[{"href":"https:\/\/historiadofutebol.com\/blog\/index.php?rest_route=\/wp\/v2\/types\/post"}],"author":[{"embeddable":true,"href":"https:\/\/historiadofutebol.com\/blog\/index.php?rest_route=\/wp\/v2\/users\/8"}],"replies":[{"embeddable":true,"href":"https:\/\/historiadofutebol.com\/blog\/index.php?rest_route=%2Fwp%2Fv2%2Fcomments&post=720"}],"version-history":[{"count":1,"href":"https:\/\/historiadofutebol.com\/blog\/index.php?rest_route=\/wp\/v2\/posts\/720\/revisions"}],"predecessor-version":[{"id":3359,"href":"https:\/\/historiadofutebol.com\/blog\/index.php?rest_route=\/wp\/v2\/posts\/720\/revisions\/3359"}],"wp:attachment":[{"href":"https:\/\/historiadofutebol.com\/blog\/index.php?rest_route=%2Fwp%2Fv2%2Fmedia&parent=720"}],"wp:term":[{"taxonomy":"category","embeddable":true,"href":"https:\/\/historiadofutebol.com\/blog\/index.php?rest_route=%2Fwp%2Fv2%2Fcategories&post=720"},{"taxonomy":"post_tag","embeddable":true,"href":"https:\/\/historiadofutebol.com\/blog\/index.php?rest_route=%2Fwp%2Fv2%2Ftags&post=720"}],"curies":[{"name":"wp","href":"https:\/\/api.w.org\/{rel}","templated":true}]}}