{"id":716,"date":"2007-09-19T19:31:39","date_gmt":"2007-09-19T22:31:39","guid":{"rendered":"http:\/\/blog.soccerlogos.com.br\/2007\/09\/19\/escudo-do-baturite-ce\/"},"modified":"2010-01-25T22:05:24","modified_gmt":"2010-01-26T00:05:24","slug":"escudo-do-baturite-ce","status":"publish","type":"post","link":"https:\/\/historiadofutebol.com\/blog\/?p=716","title":{"rendered":"Escudo do Baturit\u00e9 (CE)"},"content":{"rendered":"<p>Prezados,<\/p>\n<p>Segue em anexo o escudo do Baturit\u00e9 integrante da terceira divis\u00e3o cearense.<\/p>\n<p>Fonte: Federa\u00e7\u00e3o<\/p>\n<p>[img:time_baturite.gif,full,centralizado]<\/p>\n","protected":false},"excerpt":{"rendered":"<p>Prezados, Segue em anexo o escudo do Baturit\u00e9 integrante da terceira divis\u00e3o cearense. Fonte: Federa\u00e7\u00e3o [img:time_baturite.gif,full,centralizado]<\/p>\n","protected":false},"author":2,"featured_media":0,"comment_status":"open","ping_status":"closed","sticky":false,"template":"","format":"standard","meta":{"footnotes":""},"categories":[62,68,32,59],"tags":[],"class_list":["post-716","post","type-post","status-publish","format-standard","hentry","category-eduardo-cacella","category-blog-historia-do-futebol","category-ceara","category-escudos"],"_links":{"self":[{"href":"https:\/\/historiadofutebol.com\/blog\/index.php?rest_route=\/wp\/v2\/posts\/716","targetHints":{"allow":["GET"]}}],"collection":[{"href":"https:\/\/historiadofutebol.com\/blog\/index.php?rest_route=\/wp\/v2\/posts"}],"about":[{"href":"https:\/\/historiadofutebol.com\/blog\/index.php?rest_route=\/wp\/v2\/types\/post"}],"author":[{"embeddable":true,"href":"https:\/\/historiadofutebol.com\/blog\/index.php?rest_route=\/wp\/v2\/users\/2"}],"replies":[{"embeddable":true,"href":"https:\/\/historiadofutebol.com\/blog\/index.php?rest_route=%2Fwp%2Fv2%2Fcomments&post=716"}],"version-history":[{"count":1,"href":"https:\/\/historiadofutebol.com\/blog\/index.php?rest_route=\/wp\/v2\/posts\/716\/revisions"}],"predecessor-version":[{"id":3360,"href":"https:\/\/historiadofutebol.com\/blog\/index.php?rest_route=\/wp\/v2\/posts\/716\/revisions\/3360"}],"wp:attachment":[{"href":"https:\/\/historiadofutebol.com\/blog\/index.php?rest_route=%2Fwp%2Fv2%2Fmedia&parent=716"}],"wp:term":[{"taxonomy":"category","embeddable":true,"href":"https:\/\/historiadofutebol.com\/blog\/index.php?rest_route=%2Fwp%2Fv2%2Fcategories&post=716"},{"taxonomy":"post_tag","embeddable":true,"href":"https:\/\/historiadofutebol.com\/blog\/index.php?rest_route=%2Fwp%2Fv2%2Ftags&post=716"}],"curies":[{"name":"wp","href":"https:\/\/api.w.org\/{rel}","templated":true}]}}