{"id":70706,"date":"2015-04-08T22:59:50","date_gmt":"2015-04-09T01:59:50","guid":{"rendered":"https:\/\/historiadofutebol.com\/blog\/?p=70706"},"modified":"2015-04-08T23:03:27","modified_gmt":"2015-04-09T02:03:27","slug":"amapa-f-c-acre-escudo-e-uniforme","status":"publish","type":"post","link":"https:\/\/historiadofutebol.com\/blog\/?p=70706","title":{"rendered":"Amap\u00e1 F.C. &#8211; Acre &#8211; Escudo e Uniforme"},"content":{"rendered":"<p>Amigos, o S\u00e9rgio Melo redesenhou o escudo e o uniforme do Amap\u00e1 F.C. de\u00a0 Rio Branco-AC. Agradecimentos a ele pelo belo trabalho. Segue abaixo:<a href=\"https:\/\/historiadofutebol.com\/blog\/?attachment_id=70707\" rel=\"attachment wp-att-70707\"><img loading=\"lazy\" decoding=\"async\" class=\"aligncenter size-medium wp-image-70707\" src=\"https:\/\/historiadofutebol.com\/blog\/wp-content\/uploads\/2015\/04\/11086740_622611351208129_336643829_o-300x185.jpg\" alt=\"\" width=\"448\" height=\"276\" srcset=\"https:\/\/historiadofutebol.com\/blog\/wp-content\/uploads\/2015\/04\/11086740_622611351208129_336643829_o-300x185.jpg 300w, https:\/\/historiadofutebol.com\/blog\/wp-content\/uploads\/2015\/04\/11086740_622611351208129_336643829_o-500x309.jpg 500w, https:\/\/historiadofutebol.com\/blog\/wp-content\/uploads\/2015\/04\/11086740_622611351208129_336643829_o.jpg 1030w\" sizes=\"auto, (max-width: 448px) 100vw, 448px\" \/><\/a><\/p>\n","protected":false},"excerpt":{"rendered":"<p>Amigos, o S\u00e9rgio Melo redesenhou o escudo e o uniforme do Amap\u00e1 F.C. de\u00a0 Rio Branco-AC. Agradecimentos a ele pelo belo trabalho. Segue abaixo:<\/p>\n","protected":false},"author":66,"featured_media":0,"comment_status":"open","ping_status":"closed","sticky":false,"template":"","format":"standard","meta":{"footnotes":""},"categories":[203,746,28,59],"tags":[],"class_list":["post-70706","post","type-post","status-publish","format-standard","hentry","category-sergio-mello","category-felipe-feitosa","category-acre","category-escudos"],"_links":{"self":[{"href":"https:\/\/historiadofutebol.com\/blog\/index.php?rest_route=\/wp\/v2\/posts\/70706","targetHints":{"allow":["GET"]}}],"collection":[{"href":"https:\/\/historiadofutebol.com\/blog\/index.php?rest_route=\/wp\/v2\/posts"}],"about":[{"href":"https:\/\/historiadofutebol.com\/blog\/index.php?rest_route=\/wp\/v2\/types\/post"}],"author":[{"embeddable":true,"href":"https:\/\/historiadofutebol.com\/blog\/index.php?rest_route=\/wp\/v2\/users\/66"}],"replies":[{"embeddable":true,"href":"https:\/\/historiadofutebol.com\/blog\/index.php?rest_route=%2Fwp%2Fv2%2Fcomments&post=70706"}],"version-history":[{"count":5,"href":"https:\/\/historiadofutebol.com\/blog\/index.php?rest_route=\/wp\/v2\/posts\/70706\/revisions"}],"predecessor-version":[{"id":70710,"href":"https:\/\/historiadofutebol.com\/blog\/index.php?rest_route=\/wp\/v2\/posts\/70706\/revisions\/70710"}],"wp:attachment":[{"href":"https:\/\/historiadofutebol.com\/blog\/index.php?rest_route=%2Fwp%2Fv2%2Fmedia&parent=70706"}],"wp:term":[{"taxonomy":"category","embeddable":true,"href":"https:\/\/historiadofutebol.com\/blog\/index.php?rest_route=%2Fwp%2Fv2%2Fcategories&post=70706"},{"taxonomy":"post_tag","embeddable":true,"href":"https:\/\/historiadofutebol.com\/blog\/index.php?rest_route=%2Fwp%2Fv2%2Ftags&post=70706"}],"curies":[{"name":"wp","href":"https:\/\/api.w.org\/{rel}","templated":true}]}}