{"id":70700,"date":"2015-04-08T22:50:03","date_gmt":"2015-04-09T01:50:03","guid":{"rendered":"https:\/\/historiadofutebol.com\/blog\/?p=70700"},"modified":"2015-04-09T17:39:09","modified_gmt":"2015-04-09T20:39:09","slug":"engenho-de-dentro-a-c-rio-de-janeiro-rj-quatro-participacoes-na-elite-carioca","status":"publish","type":"post","link":"https:\/\/historiadofutebol.com\/blog\/?p=70700","title":{"rendered":"Engenho de Dentro A.C. &#8211; Rio de Janeiro (RJ): Quatro participa\u00e7\u00f5es na Elite Carioca"},"content":{"rendered":"<p><img loading=\"lazy\" decoding=\"async\" class=\"aligncenter size-large wp-image-70703\" src=\"https:\/\/historiadofutebol.com\/blog\/wp-content\/uploads\/2015\/04\/Engenho-de-Dentro-AC-500x353.jpg\" alt=\"\" width=\"500\" height=\"353\" srcset=\"https:\/\/historiadofutebol.com\/blog\/wp-content\/uploads\/2015\/04\/Engenho-de-Dentro-AC-500x353.jpg 500w, https:\/\/historiadofutebol.com\/blog\/wp-content\/uploads\/2015\/04\/Engenho-de-Dentro-AC-300x212.jpg 300w, https:\/\/historiadofutebol.com\/blog\/wp-content\/uploads\/2015\/04\/Engenho-de-Dentro-AC.jpg 1001w\" sizes=\"auto, (max-width: 500px) 100vw, 500px\" \/><\/p>\n<p>O <strong>Engenho de Dentro Atl\u00e9tico Clube<\/strong> \u00e9 uma agremia\u00e7\u00e3o cidade do Rio de Janeiro (RJ). Fundada em 03 de Novembro de 1912, com o nome de <strong><em>Engenho de Dentro<\/em><\/strong><em> <strong>Football Club<\/strong><\/em>, por Ant\u00f4nio Serrano Paes Filho. Assim foi descrito a not\u00edcia para a posse da diretoria: &#8220;<em>Tenho a s\u00fabida honra em comunica-vos, que em assembleia geral ordin\u00e1ria, foi eleita a seguinte directoria para dirigir os destinos do club durante anno corrente.<\/em><\/p>\n<p><em>Achilles Pederneiras de Lima (Presidente),<\/em><\/p>\n<p><em>\u00a0L. C. Paes Leme (Vice-Presidente), <\/em><\/p>\n<p><em>Benedicto J. Fernandes (1\u00b0 Secret\u00e1rio), <\/em><\/p>\n<p><em>Jo\u00e3o Ribas C. Pereira (2\u00b0 Secret\u00e1rio), <\/em><\/p>\n<p><em>\u00c2ngelo Vargas (1\u00b0 Thesoureiro), <\/em><\/p>\n<p><em>Reynaldo de Oliveira (2\u00b0 Thesoureiro) <\/em><\/p>\n<p><em>Athayde A. Coelho (Director Sportivo).<\/em><\/p>\n<p><em>\u00a0<\/em><em>Nesta mesma reuni\u00e3o foi escolhido para nosso \u00f3rg\u00e3o official o Jornal do Brasil.<\/em><em>\u00a0 Discutidos e approvados os novos Estatutos, bem como, por proposta de nosso associado e actual Presidente modificada a denomina\u00e7\u00e3o de Engenho de Dentro FC para Engenho de Dentro AC.<\/em><em>\u00a0Sem mais assumpto e antecipadamente agradecido sou com toda estima e considera\u00e7\u00e3o de V. criado e obrigado Benedicto J. Fernandes, 1\u00b0 secret\u00e1rio<\/em>&#8220;.<\/p>\n<p>Em 23 de janeiro de 1916, ocorreu a mudan\u00e7a para <strong>Engenho de Dentro<\/strong> <strong>Athletico Club<\/strong>. Em agosto de 1919 absorveu o <strong><em>Cattete Football Club<\/em><\/strong> ap\u00f3s desligar-se da <strong><em>Liga Suburbana<\/em><\/strong>, por persegui\u00e7\u00f5es, resolveu abandonar a mesma entidade.<\/p>\n<p><strong>Fantasmas Azuis<\/strong><\/p>\n<p>O Engenho de Dentro ganhou a alcunha de &#8216;Fantasmas Azuis&#8217; por conta das cores azul e branco que ostentavam e, tamb\u00e9m, pelo fato de que assustava seus advers\u00e1rios com estupendas vit\u00f3rias e t\u00edtulos nas d\u00e9cadas de 20 e 30.<\/p>\n<p><img loading=\"lazy\" decoding=\"async\" class=\"aligncenter size-large wp-image-70701\" src=\"https:\/\/historiadofutebol.com\/blog\/wp-content\/uploads\/2015\/04\/EDAC-02-493x500.jpg\" alt=\"\" width=\"493\" height=\"500\" srcset=\"https:\/\/historiadofutebol.com\/blog\/wp-content\/uploads\/2015\/04\/EDAC-02-493x500.jpg 493w, https:\/\/historiadofutebol.com\/blog\/wp-content\/uploads\/2015\/04\/EDAC-02-296x300.jpg 296w, https:\/\/historiadofutebol.com\/blog\/wp-content\/uploads\/2015\/04\/EDAC-02-96x96.jpg 96w, https:\/\/historiadofutebol.com\/blog\/wp-content\/uploads\/2015\/04\/EDAC-02-24x24.jpg 24w, https:\/\/historiadofutebol.com\/blog\/wp-content\/uploads\/2015\/04\/EDAC-02-36x36.jpg 36w, https:\/\/historiadofutebol.com\/blog\/wp-content\/uploads\/2015\/04\/EDAC-02-48x48.jpg 48w, https:\/\/historiadofutebol.com\/blog\/wp-content\/uploads\/2015\/04\/EDAC-02-64x64.jpg 64w, https:\/\/historiadofutebol.com\/blog\/wp-content\/uploads\/2015\/04\/EDAC-02.jpg 681w\" sizes=\"auto, (max-width: 493px) 100vw, 493px\" \/><\/p>\n<p><strong>Est\u00e1dios<\/strong><\/p>\n<p>Sua pra\u00e7a de esportes localizava-se na antiga <strong><em>Rua Engenho de Dentro, atual Adolfo Bergamini, entre os n\u00fameros 151 e 155<\/em><\/strong>. No local h\u00e1 a Escola Municipal Rio Grande do Sul.<\/p>\n<p>No dia 07 de Setembro de 1946, o campo passou para a <strong><em>Rua Henrique Scheid<\/em><\/strong> <strong><em>(Est\u00e1dio que pertencia ao Ad\u00e9lia Football Club)<\/em><\/strong>. Neste dia a inaugura\u00e7\u00e3o com vit\u00f3ria do <strong><em>Vasco da Gama<\/em><\/strong> sobre o <strong><em>Flamengo<\/em><\/strong>, por 4 a 2, num duelo de equipes mistas. O campo existe at\u00e9 hoje, como local de peladas, sendo um dos \u00faltimos gramados remanescentes da \u00e9poca do Departamento Aut\u00f4nomo.<\/p>\n<p>&nbsp;<\/p>\n<div id=\"attachment_70702\" style=\"width: 510px\" class=\"wp-caption aligncenter\"><img loading=\"lazy\" decoding=\"async\" aria-describedby=\"caption-attachment-70702\" class=\"size-large wp-image-70702\" src=\"https:\/\/historiadofutebol.com\/blog\/wp-content\/uploads\/2015\/04\/EDAC-03-500x356.jpg\" alt=\"\" width=\"500\" height=\"356\" srcset=\"https:\/\/historiadofutebol.com\/blog\/wp-content\/uploads\/2015\/04\/EDAC-03-500x356.jpg 500w, https:\/\/historiadofutebol.com\/blog\/wp-content\/uploads\/2015\/04\/EDAC-03-300x214.jpg 300w, https:\/\/historiadofutebol.com\/blog\/wp-content\/uploads\/2015\/04\/EDAC-03.jpg 902w\" sizes=\"auto, (max-width: 500px) 100vw, 500px\" \/><p id=\"caption-attachment-70702\" class=\"wp-caption-text\">Uniforme e escudo comemorativo pelo Centen\u00e1rio, em 2012<\/p><\/div>\n<p><strong>Realidade dif\u00edcil<\/strong><\/p>\n<p>Cada vez mais distante de seu passado de gl\u00f3rias, o <strong>Engenho de Dentro Atl\u00e9tico Clube<\/strong> resiste at\u00e9 hoje, modestamente, com um gin\u00e1sio na Rua Monsenhor Jer\u00f4nimo 135, no mesmo bairro.<\/p>\n<p>L\u00e1, um guardi\u00e3o toma conta de seus arquivos, trof\u00e9us e livros com recortes de jornal que recuperam a hist\u00f3ria do clube. Tudo isto deveria estar guardado em um arquivo esportivo p\u00fablico, para que ningu\u00e9m esquecesse da exist\u00eancia dos <strong><em>Fantasmas Azuis<\/em><\/strong>.<\/p>\n<p><img decoding=\"async\" class=\"aligncenter size-full wp-image-70749\" src=\"https:\/\/historiadofutebol.com\/blog\/wp-content\/uploads\/2015\/04\/I0064382-3Alt005126Lar003477LargOri004636AltOri006835.jpg\" alt=\"\" \/><\/p>\n<p><strong>Participa\u00e7\u00f5es na Elite do futebol carioca<\/strong><\/p>\n<p>Disputou os <strong><em>Campeonatos Cariocas da 1\u00aa Divis\u00e3o<\/em><\/strong> de 1924, 1933, 1934, al\u00e9m dos <strong><em>Campeonatos Cariocas<\/em><\/strong> promovidos pela <strong><em>LMDT<\/em><\/strong> de 1925 a 1927.<\/p>\n<p>&nbsp;<\/p>\n<p><strong>T\u00edtulos<\/strong><\/p>\n<p>Em rela\u00e7\u00e3o aos t\u00edtulos, os &#8216;<strong>Fantasmas Azuis<\/strong>&#8216; conquistaram:<\/p>\n<p><strong><em>Tri do Campeonato Carioca<\/em><\/strong>, organizado pela <strong>&#8216;<em>Liga Suburbana de Futebol&#8217;<\/em><\/strong>: 1916, 1917 e 1918;<\/p>\n<p>Campe\u00e3o do Torneio In\u00edcio da S\u00e9rie C da LMDT de 1924;<\/p>\n<p>Campe\u00e3o da S\u00e9rie C, da1\u00aa Divis\u00e3o <em>(disputando o titulo m\u00e1ximo com o Vasco e o Bonsucesso, Campe\u00f5es das serie A e B)<\/em>, 1924;<\/p>\n<p>Campe\u00e3o pela <strong><em>Liga Metropolitana de Desportos Terrestres (LMDT)<\/em><\/strong> de 1925;<\/p>\n<p>Campe\u00e3o da 2\u00aa Divis\u00e3o da <strong><em>AMEA<\/em><\/strong>, de 1932;<\/p>\n<p>Campe\u00e3o da Sub-liga Carioca, de 1935;<\/p>\n<p>Bicampe\u00e3o Carioca pela <strong><em>FAS<\/em><\/strong> <strong><em>(Federa\u00e7\u00e3o Atl\u00e9tica Suburbana)<\/em><\/strong>, de 1937 e 1939;<\/p>\n<p>Primeiro Campe\u00e3o Carioca pelo Departamento Aut\u00f4nomo, de 1949.<\/p>\n<p>&nbsp;<\/p>\n<p><strong>Torneio no Maracan\u00e3<\/strong><\/p>\n<p><strong><em>Em 30 de setembro de 1950<\/em><\/strong>, duas semanas depois de a <strong><em>Sele\u00e7\u00e3o Brasileira<\/em><\/strong> perder para o <strong><em>Uruguai<\/em><\/strong>\u00a0por 2 a 1, na final da <strong><em>Copa do Mundo<\/em><\/strong>, participou como convidado do <strong><em>1\u00ba Torneio In\u00edcio do Campeonato Carioca<\/em><\/strong> ocorrido no <strong><em>Est\u00e1dio Mario Filho, &#8216;Maracan\u00e3&#8217;<\/em><\/strong>. Foi eliminado pelo <strong><em>Olaria A.C.<\/em><\/strong>\u00a0ap\u00f3s derrota de 1 a 0.<\/p>\n<p>&nbsp;<\/p>\n<p><strong>Fonte: <\/strong>Jornal do Brasil &#8211;<strong> <\/strong><em>Jornal A Noite \u2013 Jornal dos Sports \u2013 O Imparcial \u2013 Gazeta de Not\u00edcias \u2013 Jornal A Manh\u00e3 \u2013 Di\u00e1rio de Not\u00edcias\u00a0<\/em><\/p>\n","protected":false},"excerpt":{"rendered":"<p>O Engenho de Dentro Atl\u00e9tico Clube \u00e9 uma agremia\u00e7\u00e3o cidade do Rio de Janeiro (RJ). Fundada em 03 de Novembro de 1912, com o nome de Engenho de Dentro Football Club, por Ant\u00f4nio Serrano Paes Filho. Assim foi descrito a not\u00edcia para a posse da diretoria: &#8220;Tenho a s\u00fabida honra em comunica-vos, que em assembleia [&hellip;]<\/p>\n","protected":false},"author":55,"featured_media":0,"comment_status":"open","ping_status":"closed","sticky":false,"template":"","format":"standard","meta":{"footnotes":""},"categories":[203,139,83,59,3,47],"tags":[],"class_list":["post-70700","post","type-post","status-publish","format-standard","hentry","category-sergio-mello","category-auriel-de-almeida","category-x9-curiosidades","category-escudos","category-historia-do-futebol","category-rio-de-janeiro"],"_links":{"self":[{"href":"https:\/\/historiadofutebol.com\/blog\/index.php?rest_route=\/wp\/v2\/posts\/70700","targetHints":{"allow":["GET"]}}],"collection":[{"href":"https:\/\/historiadofutebol.com\/blog\/index.php?rest_route=\/wp\/v2\/posts"}],"about":[{"href":"https:\/\/historiadofutebol.com\/blog\/index.php?rest_route=\/wp\/v2\/types\/post"}],"author":[{"embeddable":true,"href":"https:\/\/historiadofutebol.com\/blog\/index.php?rest_route=\/wp\/v2\/users\/55"}],"replies":[{"embeddable":true,"href":"https:\/\/historiadofutebol.com\/blog\/index.php?rest_route=%2Fwp%2Fv2%2Fcomments&post=70700"}],"version-history":[{"count":3,"href":"https:\/\/historiadofutebol.com\/blog\/index.php?rest_route=\/wp\/v2\/posts\/70700\/revisions"}],"predecessor-version":[{"id":70705,"href":"https:\/\/historiadofutebol.com\/blog\/index.php?rest_route=\/wp\/v2\/posts\/70700\/revisions\/70705"}],"wp:attachment":[{"href":"https:\/\/historiadofutebol.com\/blog\/index.php?rest_route=%2Fwp%2Fv2%2Fmedia&parent=70700"}],"wp:term":[{"taxonomy":"category","embeddable":true,"href":"https:\/\/historiadofutebol.com\/blog\/index.php?rest_route=%2Fwp%2Fv2%2Fcategories&post=70700"},{"taxonomy":"post_tag","embeddable":true,"href":"https:\/\/historiadofutebol.com\/blog\/index.php?rest_route=%2Fwp%2Fv2%2Ftags&post=70700"}],"curies":[{"name":"wp","href":"https:\/\/api.w.org\/{rel}","templated":true}]}}