{"id":70687,"date":"2015-04-08T19:06:53","date_gmt":"2015-04-08T22:06:53","guid":{"rendered":"https:\/\/historiadofutebol.com\/blog\/?p=70687"},"modified":"2015-04-09T01:53:17","modified_gmt":"2015-04-09T04:53:17","slug":"del-castilho-football-club-rio-de-janeiro-rj-fundado-em-1914","status":"publish","type":"post","link":"https:\/\/historiadofutebol.com\/blog\/?p=70687","title":{"rendered":"Del Castilho Football Club &#8211; Rio de Janeiro (RJ): Fundado em 1914"},"content":{"rendered":"<p><img loading=\"lazy\" decoding=\"async\" class=\"aligncenter size-large wp-image-70690\" src=\"https:\/\/historiadofutebol.com\/blog\/wp-content\/uploads\/2015\/04\/DCFC-500x355.jpg\" alt=\"\" width=\"500\" height=\"355\" srcset=\"https:\/\/historiadofutebol.com\/blog\/wp-content\/uploads\/2015\/04\/DCFC-500x355.jpg 500w, https:\/\/historiadofutebol.com\/blog\/wp-content\/uploads\/2015\/04\/DCFC-300x213.jpg 300w, https:\/\/historiadofutebol.com\/blog\/wp-content\/uploads\/2015\/04\/DCFC.jpg 1022w\" sizes=\"auto, (max-width: 500px) 100vw, 500px\" \/><\/p>\n<p>O <strong><em>Del Castilho Football Club<\/em><\/strong> foi uma agremia\u00e7\u00e3o da cidade do Rio de Janeiro (RJ). Localizado <strong><em>na Avenida Suburbana n. 3.743, no Bairro de Del Castilho, Sub\u00farbio carioca<\/em><\/strong>, o clube Foi <strong><em>Fundado no dia 31 de Agosto de 1914<\/em><\/strong>. A fonte de renda do <strong>Del Castilho Football Club<\/strong>, vinha, sobretudo, da mensalidade dos seus s\u00f3cios, que pagavam <strong>2$000 <em>(2 mil reis)<\/em>. <\/strong>A sua diretoria era composta por pessoas de diversas \u00e1reas: como funcion\u00e1rios p\u00fablicos, um eletricista, dois trabalhadores do com\u00e9rcio e um oper\u00e1rio, o diretor esportivo.<\/p>\n<p><img loading=\"lazy\" decoding=\"async\" class=\"aligncenter size-large wp-image-70689\" src=\"https:\/\/historiadofutebol.com\/blog\/wp-content\/uploads\/2015\/04\/DCFC-04-500x356.jpg\" alt=\"\" width=\"500\" height=\"356\" srcset=\"https:\/\/historiadofutebol.com\/blog\/wp-content\/uploads\/2015\/04\/DCFC-04-500x356.jpg 500w, https:\/\/historiadofutebol.com\/blog\/wp-content\/uploads\/2015\/04\/DCFC-04-300x213.jpg 300w, https:\/\/historiadofutebol.com\/blog\/wp-content\/uploads\/2015\/04\/DCFC-04.jpg 911w\" sizes=\"auto, (max-width: 500px) 100vw, 500px\" \/><\/p>\n<p>Entre 1914 a 1920, o\u00a0time\u00a0era <strong>verde<\/strong> e <strong>branco<\/strong> <em>(Fundo verde com estrela branca e letras verdes)<\/em>. A partir do dia<em> 12 de setembro de 1920<\/em>, quando inaugurou a sua Pra\u00e7a de Esportes, o <strong>Del Castilho<\/strong> adotou\u00a0as cores <strong>vermelha<\/strong> e <strong>branca<\/strong> <em>(Fundo vermelho com estrela branca e letras vermelhas).\u00a0<\/em>Uma curiosidade \u00e9 o fato do time jogar, em algumas ocasi\u00f5es com o escudo vermelho e o uniforme verde, demonstrando que o clube ainda nutria uma rela\u00e7\u00e3o firme com as duas origens, quando o <strong>Del Castilho<\/strong> era alviverde.<\/p>\n<p><em>\u00a0<img loading=\"lazy\" decoding=\"async\" class=\"aligncenter size-large wp-image-70688\" src=\"https:\/\/historiadofutebol.com\/blog\/wp-content\/uploads\/2015\/04\/DCFC-03-500x352.jpg\" alt=\"\" width=\"500\" height=\"352\" srcset=\"https:\/\/historiadofutebol.com\/blog\/wp-content\/uploads\/2015\/04\/DCFC-03-500x352.jpg 500w, https:\/\/historiadofutebol.com\/blog\/wp-content\/uploads\/2015\/04\/DCFC-03-300x211.jpg 300w, https:\/\/historiadofutebol.com\/blog\/wp-content\/uploads\/2015\/04\/DCFC-03.jpg 855w\" sizes=\"auto, (max-width: 500px) 100vw, 500px\" \/><\/em><\/p>\n<p><strong>Breve hist\u00f3rico<\/strong><\/p>\n<p>Entre 1917 a 1921, participou do \u00a0Campeonato da Segunda Divis\u00e3o, organizado pela Liga Suburbana de Football. O <strong><em>Time-base era o seguinte:<\/em><\/strong><em> Silva; Marcos e Valeriano; Valle J., Gomes e Lopes; Alberto, \u00a0Ramos (Capit\u00e3o), Ventura, Eduardo e Farias. <\/em><\/p>\n<p>O <strong>Del Castilho FC<\/strong> inaugurou a sua pra\u00e7a de esportes, <em>no 12 de setembro de 1920<\/em>, e, aproveitando essa nova etapa, decidiu estrear o seu novo uniforme na cor vermelha.<\/p>\n<p><img decoding=\"async\" class=\"aligncenter size-full wp-image-70692\" src=\"https:\/\/historiadofutebol.com\/blog\/wp-content\/uploads\/2015\/04\/Del-Castilho-FC-01.jpg\" alt=\"\" \/><\/p>\n<p>Ap\u00f3s passar por ligas menores, nos anos 30, o <strong>Del Castilho<\/strong> decidiu al\u00e7ar voos maiores e se filiou na <strong><em>Associa\u00e7\u00e3o Metropolitana de Esportes \u00a0Athleticos (AMEA)<\/em><\/strong>, onde disputou \u00a0o <strong><em>Campeonato Carioca da 2\u00aa Divis\u00e3o<\/em><\/strong>, em 1932.<\/p>\n<p>Nessa competi\u00e7\u00e3o o time fez uma excelente campanha e terminou em segundo lugar, um ponto a menos do que o <strong><em>Fluminense &#8216;B&#8217;<\/em><\/strong>. Em 1933, seguiu na <em>Segundona<\/em>, mas dessa vez pela <strong><em>Liga Carioca de Football (LCF)<\/em><\/strong>. Em 1934, terminou em <em>3\u00ba lugar<\/em>. <em><\/em><\/p>\n<p>Em 20 de dezembro de 1934, entrou em vigor o decreto lei reconhecendo o <strong><em>Del Castilho FC<\/em><\/strong> como uma entidade de Utilidade Publica Municipal. <strong><em>No dia 22 de agosto\u00a0de 1936<\/em><\/strong>, ajudou a fundar a <strong><em>Federa\u00e7\u00e3o Athletica Suburbana (FAS),<\/em><\/strong><em> <\/em>onde disputou as edi\u00e7\u00f5es de 1936, 1937, 1938 e 1939 .<\/p>\n<p><img loading=\"lazy\" decoding=\"async\" class=\"aligncenter size-full wp-image-70691\" src=\"https:\/\/historiadofutebol.com\/blog\/wp-content\/uploads\/2015\/04\/DCFC-05.png\" alt=\"\" width=\"1302\" height=\"1111\" srcset=\"https:\/\/historiadofutebol.com\/blog\/wp-content\/uploads\/2015\/04\/DCFC-05.png 1302w, https:\/\/historiadofutebol.com\/blog\/wp-content\/uploads\/2015\/04\/DCFC-05-300x255.png 300w, https:\/\/historiadofutebol.com\/blog\/wp-content\/uploads\/2015\/04\/DCFC-05-500x426.png 500w\" sizes=\"auto, (max-width: 1302px) 100vw, 1302px\" \/><\/p>\n<p><strong>Pr\u00eamio Belfort Duarte<\/strong><\/p>\n<p>Pr\u00eamio oferecido aos atletas que n\u00e3o sofreram qualquer puni\u00e7\u00e3o esportiva por dez anos. O Pr\u00eamio de Disciplina foi criado pelo\u00a0<strong>Conselho Nacional de Desportos (CND)<\/strong>\u00a0por meio do C\u00f3digo Brasileiro Disciplinar do Futebol, em 16 de agosto 1945 e o cap\u00edtulo V, artigo 31, parte penal, disp\u00f5e sobre sua outorga. A primeira medalha de ouro foi dada ao jogador amador\u00a0Aria Ferreira, do\u00a0<strong><em>Del Castilho Futebol Clube<\/em><\/strong>, em\u00a022 de dezembro de 1922.<\/p>\n<p>A primeira medalha de Prata foi dada ao jogador profissional Antonio Mota Espezin, do Coritiba, em 25 de julho de 1948. Jaime de Almeida foi o primeiro jogador da Sele\u00e7\u00e3o a receber o Pr\u00eamio Belfort Duarte, em 24 de Novembro de 1949.<\/p>\n<p>Jarbas Batista ent\u00e3o aposentado do Flamengo e ex-jogador da Sele\u00e7\u00e3o, recebeu em 24 de Novembro de 1949. A \u00faltima concess\u00e3o do Pr\u00eamio foi em 6 de setembro de 1973 ao goleiro Orlando Alves Ferreira, que jogou no S\u00e3o Crist\u00f3v\u00e3o, do Rio de Janeiro.<\/p>\n<p>&nbsp;<\/p>\n<p><strong><em>Fontes:<\/em><\/strong><em> Jornal A Noite &#8211; O Imparcial &#8211; O Radical<\/em><\/p>\n<p>&nbsp;<\/p>\n","protected":false},"excerpt":{"rendered":"<p>O Del Castilho Football Club foi uma agremia\u00e7\u00e3o da cidade do Rio de Janeiro (RJ). Localizado na Avenida Suburbana n. 3.743, no Bairro de Del Castilho, Sub\u00farbio carioca, o clube Foi Fundado no dia 31 de Agosto de 1914. A fonte de renda do Del Castilho Football Club, vinha, sobretudo, da mensalidade dos seus s\u00f3cios, [&hellip;]<\/p>\n","protected":false},"author":55,"featured_media":0,"comment_status":"open","ping_status":"closed","sticky":false,"template":"","format":"standard","meta":{"footnotes":""},"categories":[203,139,83,59,3,47],"tags":[],"class_list":["post-70687","post","type-post","status-publish","format-standard","hentry","category-sergio-mello","category-auriel-de-almeida","category-x9-curiosidades","category-escudos","category-historia-do-futebol","category-rio-de-janeiro"],"_links":{"self":[{"href":"https:\/\/historiadofutebol.com\/blog\/index.php?rest_route=\/wp\/v2\/posts\/70687","targetHints":{"allow":["GET"]}}],"collection":[{"href":"https:\/\/historiadofutebol.com\/blog\/index.php?rest_route=\/wp\/v2\/posts"}],"about":[{"href":"https:\/\/historiadofutebol.com\/blog\/index.php?rest_route=\/wp\/v2\/types\/post"}],"author":[{"embeddable":true,"href":"https:\/\/historiadofutebol.com\/blog\/index.php?rest_route=\/wp\/v2\/users\/55"}],"replies":[{"embeddable":true,"href":"https:\/\/historiadofutebol.com\/blog\/index.php?rest_route=%2Fwp%2Fv2%2Fcomments&post=70687"}],"version-history":[{"count":3,"href":"https:\/\/historiadofutebol.com\/blog\/index.php?rest_route=\/wp\/v2\/posts\/70687\/revisions"}],"predecessor-version":[{"id":70740,"href":"https:\/\/historiadofutebol.com\/blog\/index.php?rest_route=\/wp\/v2\/posts\/70687\/revisions\/70740"}],"wp:attachment":[{"href":"https:\/\/historiadofutebol.com\/blog\/index.php?rest_route=%2Fwp%2Fv2%2Fmedia&parent=70687"}],"wp:term":[{"taxonomy":"category","embeddable":true,"href":"https:\/\/historiadofutebol.com\/blog\/index.php?rest_route=%2Fwp%2Fv2%2Fcategories&post=70687"},{"taxonomy":"post_tag","embeddable":true,"href":"https:\/\/historiadofutebol.com\/blog\/index.php?rest_route=%2Fwp%2Fv2%2Ftags&post=70687"}],"curies":[{"name":"wp","href":"https:\/\/api.w.org\/{rel}","templated":true}]}}