{"id":70599,"date":"2015-04-06T16:43:01","date_gmt":"2015-04-06T19:43:01","guid":{"rendered":"https:\/\/historiadofutebol.com\/blog\/?p=70599"},"modified":"2015-04-06T17:22:40","modified_gmt":"2015-04-06T20:22:40","slug":"sport-club-abolicao-rio-de-janeiro-rj-fundado-em-1935","status":"publish","type":"post","link":"https:\/\/historiadofutebol.com\/blog\/?p=70599","title":{"rendered":"Sport Club Aboli\u00e7\u00e3o &#8211; Rio de Janeiro (RJ): Fundado em 1935"},"content":{"rendered":"<p><img loading=\"lazy\" decoding=\"async\" class=\"aligncenter size-large wp-image-70606\" src=\"https:\/\/historiadofutebol.com\/blog\/wp-content\/uploads\/2015\/04\/SCA-02-500x356.jpg\" alt=\"\" width=\"500\" height=\"356\" srcset=\"https:\/\/historiadofutebol.com\/blog\/wp-content\/uploads\/2015\/04\/SCA-02-500x356.jpg 500w, https:\/\/historiadofutebol.com\/blog\/wp-content\/uploads\/2015\/04\/SCA-02-300x213.jpg 300w, https:\/\/historiadofutebol.com\/blog\/wp-content\/uploads\/2015\/04\/SCA-02.jpg 1001w\" sizes=\"auto, (max-width: 500px) 100vw, 500px\" \/><\/p>\n<p>O <strong>Sport Club Aboli\u00e7\u00e3o <\/strong>foi uma agremia\u00e7\u00e3o da cidade do Rio de Janeiro (RJ).\u00a0 O <strong><em>&#8216;Gr\u00eamio dos Milion\u00e1rios&#8217;<\/em><\/strong> foi <strong>Fundado no dia 07 de Mar\u00e7o de 1935<\/strong>, gra\u00e7as a fus\u00e3o entre o <strong>Vasquinho Football Club<\/strong> e o <strong>Sport Club Agryppus<\/strong>. O 1\u00ba presidente foi <em>Antonio Moutinho<\/em>.<\/p>\n<p><img loading=\"lazy\" decoding=\"async\" class=\"aligncenter size-full wp-image-70602\" src=\"https:\/\/historiadofutebol.com\/blog\/wp-content\/uploads\/2015\/04\/SCA-001.jpg\" alt=\"\" width=\"1192\" height=\"2040\" srcset=\"https:\/\/historiadofutebol.com\/blog\/wp-content\/uploads\/2015\/04\/SCA-001.jpg 1192w, https:\/\/historiadofutebol.com\/blog\/wp-content\/uploads\/2015\/04\/SCA-001-175x300.jpg 175w, https:\/\/historiadofutebol.com\/blog\/wp-content\/uploads\/2015\/04\/SCA-001-292x500.jpg 292w\" sizes=\"auto, (max-width: 1192px) 100vw, 1192px\" \/><\/p>\n<p>Sede na <em>Avenida Suburbana, 2.313 &#8211; em Engenho de Dentro (Largo da Aboli\u00e7\u00e3o)<\/em> \u00a0&#8211; Rio de Janeiro (RJ). J\u00e1 o seu campo, que ganhou ilumina\u00e7\u00e3o ap\u00f3s a fus\u00e3o, ficava na Rua Cantilda Maciel, 14, no Bairro da Aboli\u00e7\u00e3o &#8211; Rio de Janeiro (RJ).<\/p>\n<p><img loading=\"lazy\" decoding=\"async\" class=\"aligncenter size-full wp-image-70604\" src=\"https:\/\/historiadofutebol.com\/blog\/wp-content\/uploads\/2015\/04\/SC-Abolicao-05-Presidente.jpg\" alt=\"\" width=\"1214\" height=\"636\" srcset=\"https:\/\/historiadofutebol.com\/blog\/wp-content\/uploads\/2015\/04\/SC-Abolicao-05-Presidente.jpg 1214w, https:\/\/historiadofutebol.com\/blog\/wp-content\/uploads\/2015\/04\/SC-Abolicao-05-Presidente-300x157.jpg 300w, https:\/\/historiadofutebol.com\/blog\/wp-content\/uploads\/2015\/04\/SC-Abolicao-05-Presidente-500x261.jpg 500w\" sizes=\"auto, (max-width: 1214px) 100vw, 1214px\" \/><\/p>\n<p>Menos de dois meses ap\u00f3s a sua funda\u00e7\u00e3o, no domingo, do dia 19 de maio de 1935, \u00e0s 16 horas, o <strong>SC Aboli\u00e7\u00e3o<\/strong> jogou pela primeira vez, inaugurando a sua nova sede e o campo, que ganhou ilumina\u00e7\u00e3o para jogos noturnos. Contudo, o seu oponente, <strong><em>Sporting Club Brasil<\/em><\/strong>, do Centro, jogou &#8220;<em>\u00e1gua no chope<\/em>&#8221; , vencendo por 3 a 2, com gols de Zico, Gradim e Bruni; enquanto Silica e Gama, de p\u00eanalti, fizeram os tentos do <strong><em>&#8216;Gr\u00eamio dos Milion\u00e1rios&#8217;<\/em><\/strong>.<\/p>\n<p><img loading=\"lazy\" decoding=\"async\" class=\"aligncenter size-full wp-image-70601\" src=\"https:\/\/historiadofutebol.com\/blog\/wp-content\/uploads\/2015\/04\/SC-A-00.jpg\" alt=\"\" width=\"1104\" height=\"872\" srcset=\"https:\/\/historiadofutebol.com\/blog\/wp-content\/uploads\/2015\/04\/SC-A-00.jpg 1104w, https:\/\/historiadofutebol.com\/blog\/wp-content\/uploads\/2015\/04\/SC-A-00-300x236.jpg 300w, https:\/\/historiadofutebol.com\/blog\/wp-content\/uploads\/2015\/04\/SC-A-00-500x394.jpg 500w\" sizes=\"auto, (max-width: 1104px) 100vw, 1104px\" \/><\/p>\n<p><strong>SC Aboli\u00e7\u00e3o:<\/strong> Cl\u00e1udio; Seveco e Justo; Ataliba, Candido e Fidalgo; Gama, Fernando, Silica, Luiz e Enyr. Reserva: Arnot.<\/p>\n<p><strong>Sporting Club Brasil:<\/strong> Jaj\u00e1; Joaquim e Turco; Gago, Lino e Mosquito; Zico, Mesquita, Gradim, Bruni e Fernando.<\/p>\n<p>Filiado a <strong><em>Federa\u00e7\u00e3o Athletica Suburbana, em 1937<\/em><\/strong>, depois disputou o <strong><em>Campeonato Suburbano<\/em><\/strong>. Ao longo dos anos o <strong>Aboli\u00e7\u00e3o<\/strong> enfrentou diversos times que passaram pela elite do futebol carioca como o <strong><em>Mavilis<\/em><\/strong>, <strong><em>Confian\u00e7a<\/em><\/strong>, <strong><em>Mackenzie<\/em><\/strong>, entre outros.<\/p>\n<p><strong>Time-base de 1938:<\/strong> Batatas; Bilibu e Pita; Tide, Ti\u00e3o e Fidalgo; Bahiano, Nestor, Edgard, China e Aderne.<\/p>\n<p><img loading=\"lazy\" decoding=\"async\" class=\"aligncenter size-full wp-image-70603\" src=\"https:\/\/historiadofutebol.com\/blog\/wp-content\/uploads\/2015\/04\/SC-Abolicao-04.jpg\" alt=\"\" width=\"976\" height=\"1548\" srcset=\"https:\/\/historiadofutebol.com\/blog\/wp-content\/uploads\/2015\/04\/SC-Abolicao-04.jpg 976w, https:\/\/historiadofutebol.com\/blog\/wp-content\/uploads\/2015\/04\/SC-Abolicao-04-189x300.jpg 189w, https:\/\/historiadofutebol.com\/blog\/wp-content\/uploads\/2015\/04\/SC-Abolicao-04-315x500.jpg 315w\" sizes=\"auto, (max-width: 976px) 100vw, 976px\" \/><\/p>\n<p><strong>SC Aboli\u00e7\u00e3o campe\u00e3o dos Segundos Quadros<\/strong><\/p>\n<p>O <strong><em>Jornal dos Sports<\/em><\/strong> assim destacou na sua mat\u00e9ria:<\/p>\n<p>No campo do Bonsucesso FC, realizou-se na tarde de anteontem <em>(domingo, dia 16 de fevereiro de 1941)<\/em>, a terceira disputa da &#8220;<em>Melhor de Tr\u00eas<\/em>&#8221; entre os <em>Segundos Quadros<\/em> do <strong>SC Aboli\u00e7\u00e3o<\/strong> e do <strong><em>Manufatura<\/em><\/strong> para a decis\u00e3o do t\u00edtulo m\u00e1ximo da categoria secund\u00e1ria, da <strong><em>Federa\u00e7\u00e3o Suburbana<\/em><\/strong>.<\/p>\n<p>Dada a import\u00e2ncia do match esperava-se a presen\u00e7a de um grande p\u00fablico, mas tal n\u00e3o se verificou, pois bem diminuta foi a assist\u00eancia que compareceu ao campo da <em>Avenida Teixeira de Castro<\/em>.<\/p>\n<p>A peleja ofereceu um desenrolar bastante equilibrado, pois as duas equipes atuando com grande entusiasmo proporcionaram um encontro que agradou plenamente.<\/p>\n<p>No fim do tempo regulamentar, o placar acusou a vit\u00f3ria do <strong>SC Aboli\u00e7\u00e3o<\/strong> pela contagem de 3 a 1. Desta forma, o gr\u00eamio dos &#8220;<strong><em>Milion\u00e1rios<\/em><\/strong>&#8221; ficou de posse do t\u00edtulo m\u00e1ximo dos &#8216;<em>Segundos Quadros<\/em>&#8216;.<\/p>\n<p>O t\u00edtulo que o<strong> SC Aboli\u00e7\u00e3o<\/strong> vem de conquistar, foi justo, porquanto o seu quadro durantes todas as disputas decisivas mostrou-se bem superior ao seu advers\u00e1rio.<\/p>\n<p><img loading=\"lazy\" decoding=\"async\" class=\"aligncenter size-large wp-image-70605\" src=\"https:\/\/historiadofutebol.com\/blog\/wp-content\/uploads\/2015\/04\/SCA-01-500x353.jpg\" alt=\"\" width=\"500\" height=\"353\" srcset=\"https:\/\/historiadofutebol.com\/blog\/wp-content\/uploads\/2015\/04\/SCA-01-500x353.jpg 500w, https:\/\/historiadofutebol.com\/blog\/wp-content\/uploads\/2015\/04\/SCA-01-300x212.jpg 300w, https:\/\/historiadofutebol.com\/blog\/wp-content\/uploads\/2015\/04\/SCA-01.jpg 850w\" sizes=\"auto, (max-width: 500px) 100vw, 500px\" \/><\/p>\n<p><strong>OS GOLS<\/strong><\/p>\n<p>A contagem foi aberta aos dois minutos de luta por interm\u00e9dio de <em>Tuzza<\/em> que, cobrando penalidade m\u00e1xima, marcou o \u00fanico tento do <strong><em>Manufatura<\/em><\/strong>. Terminou assim, a primeira fase da peleja, com a vantagem do quadro &#8220;<strong><em>Industri\u00e1rio<\/em><\/strong>&#8220;. No segundo tempo o <strong>S. Club Aboli\u00e7\u00e3o<\/strong> construiu o seu triunfo\u00a0 por interm\u00e9dio de <em>Ti\u00e3o<\/em>, duas vezes, e <em>An\u00edbal<\/em>.<\/p>\n<p><strong>SC ABOLI\u00c7\u00c3O\u00a0\u00a0\u00a0\u00a0\u00a0\u00a0\u00a0 3\u00a0\u00a0\u00a0\u00a0\u00a0\u00a0\u00a0\u00a0\u00a0 X\u00a0\u00a0\u00a0\u00a0\u00a0\u00a0\u00a0\u00a0 1\u00a0\u00a0\u00a0\u00a0\u00a0\u00a0\u00a0\u00a0\u00a0 MANUFATURA<\/strong><\/p>\n<p><strong>\u00a0<\/strong><\/p>\n<p><strong>LOCAL: <\/strong>Est\u00e1dio Teixeira de Castro, no Bairro de Bonsucesso<\/p>\n<p><strong>\u00c1RBITRO:<\/strong> Fausto da Hora (Boa atua\u00e7\u00e3o)<\/p>\n<p><strong>SC ABOLI\u00c7\u00c3O:<\/strong> Zeca; Herminio (Coroca) e Detinho; Tide, \u00c1lvaro e Macumba; Gereba, Ti\u00e3o, Keda (Moretinho), Edgard e Annibal.<\/p>\n<p><strong>MANUFATURA:<\/strong> Isaac; Waldemar e Ney; Zeca, Coqueiro e Waldemar; Nelson, Tuzza, Oliverio (Candido), Betto (Jo\u00e3o) e Helio.<\/p>\n<p><strong>GOLS:<\/strong> Tuzza para o Manufatura, no 1\u00ba tempo. Ti\u00e3o, marcou duas vezes, e An\u00edbal, todos para o Aboli\u00e7\u00e3o.<\/p>\n<p>&nbsp;<\/p>\n<p><strong><em><span style=\"text-decoration: underline\">Fontes e Fotos<\/span>:<\/em><\/strong><em> Jornal dos Sports &#8211; A Batalha &#8211; Jornal A Noite &#8211; O Imparcial &#8211; Correio da Manh\u00e3 &#8211; Gazeta de Not\u00edcias &#8211; O Radical<\/em><\/p>\n","protected":false},"excerpt":{"rendered":"<p>O Sport Club Aboli\u00e7\u00e3o foi uma agremia\u00e7\u00e3o da cidade do Rio de Janeiro (RJ).\u00a0 O &#8216;Gr\u00eamio dos Milion\u00e1rios&#8217; foi Fundado no dia 07 de Mar\u00e7o de 1935, gra\u00e7as a fus\u00e3o entre o Vasquinho Football Club e o Sport Club Agryppus. O 1\u00ba presidente foi Antonio Moutinho. Sede na Avenida Suburbana, 2.313 &#8211; em Engenho de [&hellip;]<\/p>\n","protected":false},"author":55,"featured_media":0,"comment_status":"open","ping_status":"closed","sticky":false,"template":"","format":"standard","meta":{"footnotes":""},"categories":[203,139,83,59,3,47],"tags":[],"class_list":["post-70599","post","type-post","status-publish","format-standard","hentry","category-sergio-mello","category-auriel-de-almeida","category-x9-curiosidades","category-escudos","category-historia-do-futebol","category-rio-de-janeiro"],"_links":{"self":[{"href":"https:\/\/historiadofutebol.com\/blog\/index.php?rest_route=\/wp\/v2\/posts\/70599","targetHints":{"allow":["GET"]}}],"collection":[{"href":"https:\/\/historiadofutebol.com\/blog\/index.php?rest_route=\/wp\/v2\/posts"}],"about":[{"href":"https:\/\/historiadofutebol.com\/blog\/index.php?rest_route=\/wp\/v2\/types\/post"}],"author":[{"embeddable":true,"href":"https:\/\/historiadofutebol.com\/blog\/index.php?rest_route=\/wp\/v2\/users\/55"}],"replies":[{"embeddable":true,"href":"https:\/\/historiadofutebol.com\/blog\/index.php?rest_route=%2Fwp%2Fv2%2Fcomments&post=70599"}],"version-history":[{"count":6,"href":"https:\/\/historiadofutebol.com\/blog\/index.php?rest_route=\/wp\/v2\/posts\/70599\/revisions"}],"predecessor-version":[{"id":70616,"href":"https:\/\/historiadofutebol.com\/blog\/index.php?rest_route=\/wp\/v2\/posts\/70599\/revisions\/70616"}],"wp:attachment":[{"href":"https:\/\/historiadofutebol.com\/blog\/index.php?rest_route=%2Fwp%2Fv2%2Fmedia&parent=70599"}],"wp:term":[{"taxonomy":"category","embeddable":true,"href":"https:\/\/historiadofutebol.com\/blog\/index.php?rest_route=%2Fwp%2Fv2%2Fcategories&post=70599"},{"taxonomy":"post_tag","embeddable":true,"href":"https:\/\/historiadofutebol.com\/blog\/index.php?rest_route=%2Fwp%2Fv2%2Ftags&post=70599"}],"curies":[{"name":"wp","href":"https:\/\/api.w.org\/{rel}","templated":true}]}}