{"id":69976,"date":"2015-03-29T17:34:01","date_gmt":"2015-03-29T20:34:01","guid":{"rendered":"https:\/\/historiadofutebol.com\/blog\/?p=69976"},"modified":"2015-03-29T19:01:41","modified_gmt":"2015-03-29T22:01:41","slug":"gremio-atletico-capitao-salomao-sao-leopoldo-rs-fundado-em-1936","status":"publish","type":"post","link":"https:\/\/historiadofutebol.com\/blog\/?p=69976","title":{"rendered":"Gr\u00eamio Atl\u00e9tico Capit\u00e3o Salom\u00e3o &#8211; S\u00e3o Leopoldo (RS): Fundado em 1936"},"content":{"rendered":"<p><img loading=\"lazy\" decoding=\"async\" class=\"aligncenter size-large wp-image-69982\" src=\"https:\/\/historiadofutebol.com\/blog\/wp-content\/uploads\/2015\/03\/11111-500x381.jpg\" alt=\"\" width=\"500\" height=\"381\" srcset=\"https:\/\/historiadofutebol.com\/blog\/wp-content\/uploads\/2015\/03\/11111-500x381.jpg 500w, https:\/\/historiadofutebol.com\/blog\/wp-content\/uploads\/2015\/03\/11111-300x228.jpg 300w, https:\/\/historiadofutebol.com\/blog\/wp-content\/uploads\/2015\/03\/11111.jpg 944w\" sizes=\"auto, (max-width: 500px) 100vw, 500px\" \/><\/p>\n<p>O <strong>Gr\u00eamio Atl\u00e9tico Capit\u00e3o Salom\u00e3o<\/strong> foi uma agremia\u00e7\u00e3o da cidade de S\u00e3o Leopoldo (RS). O <strong>clube alvianil foi Fundado no dia 15 de Junho de 1936<\/strong>, em <strong>Porto Alegre<\/strong>. Contudo, no ano seguinte (1937), tanto o <em>Batalh\u00e3o<\/em> quanto o <strong>time<\/strong> se mudaram para a cidade de <strong>S\u00e3o Leopoldo<\/strong>.<\/p>\n<p>O <strong>GA Capit\u00e3o Salom\u00e3o<\/strong>, que pertencia ao <strong><em>3\u00ba Grupamento de Artilharia de Dorso<\/em><\/strong>, fora fundado para a pr\u00e1tica de <strong><em>Atletismo<\/em><\/strong>, <strong><em>Esportes Equestres<\/em><\/strong> e o <strong><em>futebol<\/em><\/strong>. Atualmente esta unidade se denomina como <em>16\u00ba Grupamento de Artilharia de Campanha<\/em>; <em>auto propulsado; 16\u00ba G.A.C.\/AP<\/em>.<\/p>\n<p>&nbsp;<\/p>\n<p><strong>Nome, Est\u00e1dio e Fundadores<\/strong><\/p>\n<p><img loading=\"lazy\" decoding=\"async\" class=\"aligncenter size-full wp-image-69989\" src=\"https:\/\/historiadofutebol.com\/blog\/wp-content\/uploads\/2015\/03\/salomao.jpg\" alt=\"\" width=\"177\" height=\"265\" \/><\/p>\n<p>A escolha do nome do clube foi uma homenagem ao <strong><em>Jos\u00e9\u00a0Agostinho Salom\u00e3o Rocha\u00a0(Sergipe, 1855 \u2014 Canudos, 4 de mar\u00e7o de 1897)<\/em><\/strong>, conhecido por <strong><em>Capit\u00e3o Salom\u00e3o (Foto Acima)<\/em><\/strong>, que foi um dos her\u00f3is na <strong><em>&#8216;Guerra de Canudos<\/em><\/strong>&#8216;, no Sert\u00e3o Nordestino. Posteriormente recebeu o t\u00edtulo de <strong><em>&#8216;Patrono da Arma de Artilharia&#8217;<\/em><\/strong>.<\/p>\n<p>O seu <strong><em>Est\u00e1dio<\/em><\/strong> era o <strong><em>campo da Avenida Tr\u00eas de Outubro<\/em><\/strong>, conhecido por <strong><em>&#8216;Ch\u00e1cara dos Maric\u00e1s&#8217;<\/em> <\/strong>ou <strong><em>&#8216;Est\u00e1dio da Montanha&#8217;<\/em><\/strong>. O <strong>GA Capit\u00e3o Salom\u00e3o<\/strong> teve os seguintes <strong><em>Fundadores<\/em><\/strong>:<\/p>\n<p><em>Capit\u00e3o Ot\u00e1vio de Menezes Povo\u00e1;<\/em><\/p>\n<p><em>Subtenente Carlos Ginitz;<\/em><\/p>\n<p><em>Juvelino Trindade;<\/em><\/p>\n<p><em>Sebasti\u00e3o do Carmo;<\/em><\/p>\n<p><em>Omar Scelio (jogador do time);<\/em><\/p>\n<p><em>Ov\u00eddio Le\u00e3o (jogador do time);<\/em><\/p>\n<p><em>Carlos Pinto (jogador do time);<\/em><\/p>\n<p>&nbsp;<\/p>\n<p><strong>Os times-base entre as d\u00e9cadas de 30 a 40<\/strong><\/p>\n<p><em><strong>Em 1937:<\/strong> Hugo; Omare e Matte; Pinto, Monte e Assis; Jo\u00e3o, Edgar, Ov\u00eddio, Rubim e Moacir.<\/em><\/p>\n<p><em><strong>Em 1939:<\/strong> Vieira; Lacy e Omar; Fonseca, Darcy e Waldemar; Domingos, Jo\u00e3o, Edgar, Ov\u00eddio, Moacyr.<\/em><\/p>\n<p><em><strong>Em 1940:<\/strong> Vieira; Nen\u00ea e Omar; D\u00e9cio, Foguinho, Idemar (Ov\u00eddio), Tim\u00f3teo, Lima, Negrito e Homero.<\/em><\/p>\n<p><em><strong>Em 1941:<\/strong> Vieira; Nen\u00ea e Omar; Fogo, D\u00e1rcio e Jo\u00e3o; Tim\u00f3teo, Negriso, Grisa, Ov\u00eddio e Homero.<\/em><\/p>\n<p><em><strong>Em 1942:<\/strong> Vieira; Carneiro e Omar; Plauto, Winter e Piato; Homero, Negrito, Grisa, Ov\u00eddio e Arno.<\/em><\/p>\n<p><em><strong>Em 1943:<\/strong> Ovo; Omar e Carneiro; Athanzio, Plauto e Pic\u00e3o; Homero, Negrito, Grisa, Velho, Baianinho.<\/em><\/p>\n<p><em><strong>Em 1944:<\/strong> Ovo; Omar e Moeller; Picarelli, Carnera, Winter, Ov\u00eddio, Negrito, Grisa, Jo\u00e3o e Gringo.<\/em><\/p>\n<p><em><strong>Em 1945:<\/strong> Ovo; Omar e Cristiano; Ja\u00fa, Jesus e Scheidt; Maravilha, Ivo, Grisa, Pita, Rui.<\/em><\/p>\n<p><em><strong>Em 1946:<\/strong> Ovo; Laci e S\u00e3o Paulo; Erico, Edenor e Engelck; Romano, Soares, Grisa, Ov\u00eddio e Mattos.<\/em><\/p>\n<p>&nbsp;<\/p>\n<p><strong>Anos 50: GA Capit\u00e3o Salom\u00e3o \u00e9 extinto<\/strong><\/p>\n<p>Durante 14 anos o <strong>GA Capit\u00e3o Salom\u00e3o <\/strong>existiu at\u00e9 o ano de <strong><em>1950<\/em><\/strong>, quando fechou \u00e0s portas. Nesse per\u00edodo em que esteve na ativa, participou do <strong><em>Campeonato Ga\u00facho &#8216;Regional&#8217;, da 1\u00aa Regi\u00e3o, de 1936<\/em><\/strong>. Mas acabou eliminado pelo time do <strong><em>CADEM, de S\u00e3o Jer\u00f4nimo<\/em><\/strong> pelo el\u00e1stico escore de 8 a 3. Em 1942 e 1944, disputou o <strong><em>Campeonato Ga\u00facho de Amadores<\/em><\/strong>. Os <strong><em>t\u00edtulos<\/em><\/strong> conquistados aconteceram nos anos de <strong><em>1939, 1942 e 1944<\/em><\/strong>, quando foi campe\u00e3o do <strong><em>Campeonato Citadino de S\u00e3o Leopoldo<\/em><\/strong>.<\/p>\n<p><em>\u00a0<\/em><em>\u00a0<\/em><\/p>\n<p><strong><em>Fontes:<\/em><\/strong><em> Jornal Correio do Povo &#8211; Di\u00e1rio de Not\u00edcias &#8211; Museu da Comunica\u00e7\u00e3o Hip\u00f3lito da Costa &#8211; Jornal Correio de S\u00e3o Leopoldo<\/em><\/p>\n","protected":false},"excerpt":{"rendered":"<p>O Gr\u00eamio Atl\u00e9tico Capit\u00e3o Salom\u00e3o foi uma agremia\u00e7\u00e3o da cidade de S\u00e3o Leopoldo (RS). O clube alvianil foi Fundado no dia 15 de Junho de 1936, em Porto Alegre. Contudo, no ano seguinte (1937), tanto o Batalh\u00e3o quanto o time se mudaram para a cidade de S\u00e3o Leopoldo. O GA Capit\u00e3o Salom\u00e3o, que pertencia ao [&hellip;]<\/p>\n","protected":false},"author":55,"featured_media":0,"comment_status":"open","ping_status":"closed","sticky":false,"template":"","format":"standard","meta":{"footnotes":""},"categories":[203,743,531,83,59,3,46],"tags":[],"class_list":["post-69976","post","type-post","status-publish","format-standard","hentry","category-sergio-mello","category-douglas-marcelo-rambor","category-carencias","category-x9-curiosidades","category-escudos","category-historia-do-futebol","category-rg-do-sul"],"_links":{"self":[{"href":"https:\/\/historiadofutebol.com\/blog\/index.php?rest_route=\/wp\/v2\/posts\/69976","targetHints":{"allow":["GET"]}}],"collection":[{"href":"https:\/\/historiadofutebol.com\/blog\/index.php?rest_route=\/wp\/v2\/posts"}],"about":[{"href":"https:\/\/historiadofutebol.com\/blog\/index.php?rest_route=\/wp\/v2\/types\/post"}],"author":[{"embeddable":true,"href":"https:\/\/historiadofutebol.com\/blog\/index.php?rest_route=\/wp\/v2\/users\/55"}],"replies":[{"embeddable":true,"href":"https:\/\/historiadofutebol.com\/blog\/index.php?rest_route=%2Fwp%2Fv2%2Fcomments&post=69976"}],"version-history":[{"count":9,"href":"https:\/\/historiadofutebol.com\/blog\/index.php?rest_route=\/wp\/v2\/posts\/69976\/revisions"}],"predecessor-version":[{"id":69986,"href":"https:\/\/historiadofutebol.com\/blog\/index.php?rest_route=\/wp\/v2\/posts\/69976\/revisions\/69986"}],"wp:attachment":[{"href":"https:\/\/historiadofutebol.com\/blog\/index.php?rest_route=%2Fwp%2Fv2%2Fmedia&parent=69976"}],"wp:term":[{"taxonomy":"category","embeddable":true,"href":"https:\/\/historiadofutebol.com\/blog\/index.php?rest_route=%2Fwp%2Fv2%2Fcategories&post=69976"},{"taxonomy":"post_tag","embeddable":true,"href":"https:\/\/historiadofutebol.com\/blog\/index.php?rest_route=%2Fwp%2Fv2%2Ftags&post=69976"}],"curies":[{"name":"wp","href":"https:\/\/api.w.org\/{rel}","templated":true}]}}