{"id":6917,"date":"2010-04-08T07:54:52","date_gmt":"2010-04-08T10:54:52","guid":{"rendered":"https:\/\/historiadofutebol.com\/blog\/?p=6917"},"modified":"2010-04-08T07:54:52","modified_gmt":"2010-04-08T10:54:52","slug":"inedito-verdadeiro-escudo-do-ibia-ecmg","status":"publish","type":"post","link":"https:\/\/historiadofutebol.com\/blog\/?p=6917","title":{"rendered":"In\u00e9dito!!! Verdadeiro escudo do Ibi\u00e1 EC\/MG"},"content":{"rendered":"<p>Pessoal segue abaixo em primeira m\u00e3o o verdadeiro escudo do Ibi\u00e1 EC\/MG. O mesmo me foi enviado por um primo de minha esposa que nasceu l\u00e1. Ele joga na equipe e disse que o escudo azul que rola por a\u00ed \u00e9 falso. Ele ficou de me enviara a data de funda\u00e7\u00e3o do clube.<\/p>\n<p><img loading=\"lazy\" decoding=\"async\" class=\"aligncenter size-full wp-image-6920\" title=\"BRA-MG-IBIA\" src=\"https:\/\/historiadofutebol.com\/blog\/wp-content\/uploads\/2010\/04\/BRA-MG-IBIA1.jpg\" alt=\"BRA-MG-IBIA\" width=\"127\" height=\"136\" \/><\/p>\n<p>\u00a0Nome: Ibi\u00e1 Esporte Clube<\/p>\n<p>Cidade: Ibi\u00e1\/MG<\/p>\n<p>Cores: Vermelho, preto e branco<\/p>\n<p>Est\u00e1dio: Municipal JK<\/p>\n<p>Situa\u00e7\u00e3o: Atualmente disputa a Copa Cerrado, competi\u00e7\u00e3o regional amadora do Tri\u00e2ngulo Mineiro.<\/p>\n","protected":false},"excerpt":{"rendered":"<p>Pessoal segue abaixo em primeira m\u00e3o o verdadeiro escudo do Ibi\u00e1 EC\/MG. O mesmo me foi enviado por um primo de minha esposa que nasceu l\u00e1. Ele joga na equipe e disse que o escudo azul que rola por a\u00ed \u00e9 falso. Ele ficou de me enviara a data de funda\u00e7\u00e3o do clube. \u00a0Nome: Ibi\u00e1 [&hellip;]<\/p>\n","protected":false},"author":40,"featured_media":0,"comment_status":"open","ping_status":"closed","sticky":false,"template":"","format":"standard","meta":{"footnotes":""},"categories":[3],"tags":[],"class_list":["post-6917","post","type-post","status-publish","format-standard","hentry","category-historia-do-futebol"],"_links":{"self":[{"href":"https:\/\/historiadofutebol.com\/blog\/index.php?rest_route=\/wp\/v2\/posts\/6917","targetHints":{"allow":["GET"]}}],"collection":[{"href":"https:\/\/historiadofutebol.com\/blog\/index.php?rest_route=\/wp\/v2\/posts"}],"about":[{"href":"https:\/\/historiadofutebol.com\/blog\/index.php?rest_route=\/wp\/v2\/types\/post"}],"author":[{"embeddable":true,"href":"https:\/\/historiadofutebol.com\/blog\/index.php?rest_route=\/wp\/v2\/users\/40"}],"replies":[{"embeddable":true,"href":"https:\/\/historiadofutebol.com\/blog\/index.php?rest_route=%2Fwp%2Fv2%2Fcomments&post=6917"}],"version-history":[{"count":1,"href":"https:\/\/historiadofutebol.com\/blog\/index.php?rest_route=\/wp\/v2\/posts\/6917\/revisions"}],"predecessor-version":[{"id":6921,"href":"https:\/\/historiadofutebol.com\/blog\/index.php?rest_route=\/wp\/v2\/posts\/6917\/revisions\/6921"}],"wp:attachment":[{"href":"https:\/\/historiadofutebol.com\/blog\/index.php?rest_route=%2Fwp%2Fv2%2Fmedia&parent=6917"}],"wp:term":[{"taxonomy":"category","embeddable":true,"href":"https:\/\/historiadofutebol.com\/blog\/index.php?rest_route=%2Fwp%2Fv2%2Fcategories&post=6917"},{"taxonomy":"post_tag","embeddable":true,"href":"https:\/\/historiadofutebol.com\/blog\/index.php?rest_route=%2Fwp%2Fv2%2Ftags&post=6917"}],"curies":[{"name":"wp","href":"https:\/\/api.w.org\/{rel}","templated":true}]}}