{"id":68680,"date":"2015-03-01T19:55:23","date_gmt":"2015-03-01T22:55:23","guid":{"rendered":"https:\/\/historiadofutebol.com\/blog\/?p=68680"},"modified":"2015-03-07T14:29:32","modified_gmt":"2015-03-07T17:29:32","slug":"campos-associacao-atletica-campos-rj-com-exclusividade-apresenta-seu-hino","status":"publish","type":"post","link":"https:\/\/historiadofutebol.com\/blog\/?p=68680","title":{"rendered":"Com exclusividade a letra do hino: Campos Atl\u00e9tico Associa\u00e7\u00e3o &#8211; Campos (RJ)"},"content":{"rendered":"<p><img loading=\"lazy\" decoding=\"async\" class=\"aligncenter size-large wp-image-68877\" src=\"https:\/\/historiadofutebol.com\/blog\/wp-content\/uploads\/2015\/03\/001-500x318.jpg\" alt=\"\" width=\"500\" height=\"318\" srcset=\"https:\/\/historiadofutebol.com\/blog\/wp-content\/uploads\/2015\/03\/001-500x318.jpg 500w, https:\/\/historiadofutebol.com\/blog\/wp-content\/uploads\/2015\/03\/001-300x190.jpg 300w, https:\/\/historiadofutebol.com\/blog\/wp-content\/uploads\/2015\/03\/001.jpg 1113w\" sizes=\"auto, (max-width: 500px) 100vw, 500px\" \/><\/p>\n<p>Ap\u00f3s 26 anos ausente da esfera profissional, o <strong>Campos <span style=\"color: #800080\"><strong>Atl\u00e9tica\u00a0<\/strong><\/span><span style=\"color: #000000\">Associa\u00e7\u00e3o <\/span><\/strong>\u00a0est\u00e1 de volta. O <strong>Roxinho do Parque Leopoldina<\/strong>, <strong>fundado no dia 26 de Outubro de 1912<\/strong>, estreia no <strong><em>Campeonato Carioca da S\u00e9rie C<\/em><\/strong>, no dia 03 de Maio de 2015, diante do <strong><em>Artsul<\/em><\/strong>, de Nova Igua\u00e7u, em casa, no Est\u00e1dio Angelo de Carvalho <em>(capacidade para 2 mil pessoas)<\/em>.<\/p>\n<p>O Campos est\u00e1 no <strong>Grupo B<\/strong>, que ainda contam com os seguintes clube: B\u00fazios, Duquecaxiense, Futuro Bem Pr\u00f3ximo, Itabora\u00ed,\u00a0Nova Cidade, S\u00e3o Gon\u00e7alo EC e S\u00e3o Pedro. J\u00e1 na <strong>Chave A<\/strong> est\u00e3o: Arraial do Cabo, Artsul, Esprof, Heli\u00f3polis, Juventus, Rubro, Santa Cruz.<\/p>\n<p><strong>\u00a0Ap\u00f3s 103 de vida, Campos ganha Hino<\/strong><\/p>\n<p>Apresento o hino do <strong>Campos <span style=\"color: #800080\"><strong>Atl\u00e9tica\u00a0<\/strong><\/span>Associa\u00e7\u00e3o <\/strong>, que foi oficializado pelo <strong><em>clube campista<\/em><\/strong> no \u00faltimo m\u00eas de fevereiro de autoria do \u00a0meu amigo\u00a0<em>Wesley Machado em parceria com Wilson Carlos.<\/em><strong>\u00a0<\/strong><\/p>\n<p>&nbsp;<\/p>\n<p align=\"center\"><strong>HINO DO CAMPOS A.A.<\/strong><\/p>\n<p align=\"center\"><span style=\"color: #0000ff\"><em>(Wesley Machado e Wilson Carlos)<\/em><\/span><\/p>\n<p style=\"text-align: left\" align=\"center\"><span style=\"color: #6b2e52\"><em>&#8220;VIVA O CAMPOS<\/em><\/span><\/p>\n<p style=\"text-align: left\"><span style=\"color: #6b2e52\"><em>O ESQUADR\u00c3O<\/em><\/span><\/p>\n<p style=\"text-align: left\"><span style=\"color: #6b2e52\"><em>INVENC\u00cdVEL \u00c9 O LE\u00c3O<\/em><\/span><\/p>\n<p style=\"text-align: left\"><span style=\"color: #6b2e52\"><em>CAMPE\u00c3O DO MEU CORA\u00c7\u00c3O<\/em><\/span><\/p>\n<p style=\"text-align: left\"><span style=\"color: #6b2e52\"><em>\u00c9S MEU CLUBE<\/em><\/span><\/p>\n<p style=\"text-align: left\"><span style=\"color: #6b2e52\"><em>\u00c9S MINHA PAIX\u00c3O<\/em><\/span><\/p>\n<p style=\"text-align: left\"><span style=\"color: #6b2e52\"><em>\u00a0<\/em><\/span><\/p>\n<p style=\"text-align: left\"><span style=\"color: #6b2e52\"><em>VIVA O CAMPOS<\/em><\/span><\/p>\n<p style=\"text-align: left\"><span style=\"color: #6b2e52\"><em>O ESQUADR\u00c3O<\/em><\/span><\/p>\n<p style=\"text-align: left\"><span style=\"color: #6b2e52\"><em>INVENC\u00cdVEL \u00c9 O LE\u00c3O<\/em><\/span><\/p>\n<p style=\"text-align: left\"><span style=\"color: #6b2e52\"><em>SUA CAMISA ROXA \u00c9 TRADI\u00c7\u00c3O<\/em><\/span><\/p>\n<p style=\"text-align: left\"><span style=\"color: #6b2e52\"><em>CORRE, VIBRA<\/em><\/span><\/p>\n<p style=\"text-align: left\"><span style=\"color: #6b2e52\"><em>JOGA COM EMO\u00c7\u00c3O<\/em><\/span><\/p>\n<p style=\"text-align: left\"><span style=\"color: #6b2e52\"><em>\u00a0<\/em><\/span><\/p>\n<p style=\"text-align: left\"><span style=\"color: #6b2e52\"><em>VIVA O CAMPOS<\/em><\/span><\/p>\n<p style=\"text-align: left\"><span style=\"color: #6b2e52\"><em>O ESQUADR\u00c3O<\/em><\/span><\/p>\n<p style=\"text-align: left\"><span style=\"color: #6b2e52\"><em>INVENC\u00cdVEL \u00c9 O LE\u00c3O<\/em><\/span><\/p>\n<p style=\"text-align: left\"><span style=\"color: #6b2e52\"><em>NOS GRAMADOS A BOLA VAI ROLAR<\/em><\/span><\/p>\n<p style=\"text-align: left\"><span style=\"color: #6b2e52\"><em>PELA VIT\u00d3RIA N\u00d3S VAMOS LUTAR<\/em><\/span><\/p>\n<p style=\"text-align: left\"><span style=\"color: #6b2e52\"><em>\u00a0<\/em><\/span><\/p>\n<p style=\"text-align: left\"><span style=\"color: #6b2e52\"><em>VIVA O CAMPOS<\/em><\/span><\/p>\n<p style=\"text-align: left\"><span style=\"color: #6b2e52\"><em>O ESQUADR\u00c3O<\/em><\/span><\/p>\n<p style=\"text-align: left\"><span style=\"color: #6b2e52\"><em>INVENC\u00cdVEL \u00c9 O LE\u00c3O<\/em><\/span><\/p>\n<p style=\"text-align: left\"><span style=\"color: #6b2e52\"><em>RA\u00c7A, ALMA N\u00c3O PODE FALTAR<\/em><\/span><\/p>\n<p style=\"text-align: left\"><span style=\"color: #6b2e52\"><em>A TORCIDA VAMOS INFLAMAR&#8221;.<\/em><\/span><\/p>\n<p>&nbsp;<\/p>\n<p><span style=\"color: #0000ff\"><em><strong>\u00a0PS:<\/strong> Infelizmente n\u00e3o consegui colocar o hino. Caso algu\u00e9m possa me orientar de como faz\u00ea-lo, agrade\u00e7o!\u00a0<\/em><\/span><\/p>\n<p><strong><em>Fontes:\u00a0<\/em><\/strong><em>Wikip\u00e9dia &#8211; Wesley Machado<\/em><\/p>\n","protected":false},"excerpt":{"rendered":"<p>Ap\u00f3s 26 anos ausente da esfera profissional, o Campos Atl\u00e9tica\u00a0Associa\u00e7\u00e3o \u00a0est\u00e1 de volta. O Roxinho do Parque Leopoldina, fundado no dia 26 de Outubro de 1912, estreia no Campeonato Carioca da S\u00e9rie C, no dia 03 de Maio de 2015, diante do Artsul, de Nova Igua\u00e7u, em casa, no Est\u00e1dio Angelo de Carvalho (capacidade para [&hellip;]<\/p>\n","protected":false},"author":55,"featured_media":0,"comment_status":"open","ping_status":"closed","sticky":false,"template":"","format":"standard","meta":{"footnotes":""},"categories":[203,83,59,87,3,76],"tags":[],"class_list":["post-68680","post","type-post","status-publish","format-standard","hentry","category-sergio-mello","category-x9-curiosidades","category-escudos","category-hinos-de-clubes","category-historia-do-futebol","category-antigo-estado-do-rio"],"_links":{"self":[{"href":"https:\/\/historiadofutebol.com\/blog\/index.php?rest_route=\/wp\/v2\/posts\/68680","targetHints":{"allow":["GET"]}}],"collection":[{"href":"https:\/\/historiadofutebol.com\/blog\/index.php?rest_route=\/wp\/v2\/posts"}],"about":[{"href":"https:\/\/historiadofutebol.com\/blog\/index.php?rest_route=\/wp\/v2\/types\/post"}],"author":[{"embeddable":true,"href":"https:\/\/historiadofutebol.com\/blog\/index.php?rest_route=\/wp\/v2\/users\/55"}],"replies":[{"embeddable":true,"href":"https:\/\/historiadofutebol.com\/blog\/index.php?rest_route=%2Fwp%2Fv2%2Fcomments&post=68680"}],"version-history":[{"count":16,"href":"https:\/\/historiadofutebol.com\/blog\/index.php?rest_route=\/wp\/v2\/posts\/68680\/revisions"}],"predecessor-version":[{"id":68703,"href":"https:\/\/historiadofutebol.com\/blog\/index.php?rest_route=\/wp\/v2\/posts\/68680\/revisions\/68703"}],"wp:attachment":[{"href":"https:\/\/historiadofutebol.com\/blog\/index.php?rest_route=%2Fwp%2Fv2%2Fmedia&parent=68680"}],"wp:term":[{"taxonomy":"category","embeddable":true,"href":"https:\/\/historiadofutebol.com\/blog\/index.php?rest_route=%2Fwp%2Fv2%2Fcategories&post=68680"},{"taxonomy":"post_tag","embeddable":true,"href":"https:\/\/historiadofutebol.com\/blog\/index.php?rest_route=%2Fwp%2Fv2%2Ftags&post=68680"}],"curies":[{"name":"wp","href":"https:\/\/api.w.org\/{rel}","templated":true}]}}