{"id":66652,"date":"2014-12-30T18:42:02","date_gmt":"2014-12-30T20:42:02","guid":{"rendered":"https:\/\/historiadofutebol.com\/blog\/?p=66652"},"modified":"2014-12-30T18:55:38","modified_gmt":"2014-12-30T20:55:38","slug":"associacao-athletica-das-palmeiras-sao-paulo-sp","status":"publish","type":"post","link":"https:\/\/historiadofutebol.com\/blog\/?p=66652","title":{"rendered":"Associa\u00e7\u00e3o Athletica das Palmeiras &#8211; S\u00e3o Paulo &#8211; SP"},"content":{"rendered":"<p><img loading=\"lazy\" decoding=\"async\" class=\"aligncenter size-full wp-image-66653\" src=\"https:\/\/historiadofutebol.com\/blog\/wp-content\/uploads\/2014\/12\/AA_das_Palmeiras_svg.png\" alt=\"\" width=\"294\" height=\"300\" srcset=\"https:\/\/historiadofutebol.com\/blog\/wp-content\/uploads\/2014\/12\/AA_das_Palmeiras_svg.png 294w, https:\/\/historiadofutebol.com\/blog\/wp-content\/uploads\/2014\/12\/AA_das_Palmeiras_svg-24x24.png 24w, https:\/\/historiadofutebol.com\/blog\/wp-content\/uploads\/2014\/12\/AA_das_Palmeiras_svg-36x36.png 36w, https:\/\/historiadofutebol.com\/blog\/wp-content\/uploads\/2014\/12\/AA_das_Palmeiras_svg-48x48.png 48w, https:\/\/historiadofutebol.com\/blog\/wp-content\/uploads\/2014\/12\/AA_das_Palmeiras_svg-64x64.png 64w\" sizes=\"auto, (max-width: 294px) 100vw, 294px\" \/><\/p>\n<p>&nbsp;<\/p>\n<p>ASSOCIA\u00c7\u00c3O ATHLETICA DAS PALMEIRAS<\/p>\n<p>FUNDA\u00c7\u00c3O: 9 de novembro de 1902<\/p>\n<p>&nbsp;<\/p>\n<p>Na vida do futebol paulista este nome re\u00fane lembran\u00e7as e um importante contexto de campe\u00e3o.<\/p>\n<p>No final de 1902, quando o futebol paulista j\u00e1 engatinhava a passos largos, com o primeiro campeonato paulista em seu final, um grupo de rapazes de uma determinada regi\u00e3o da cidade se preparava para fundar este novo clube. Entre os mo\u00e7os que frequentavam o Vel\u00f3dromo nas tardes de domingo e se dispunham a criar sua pr\u00f3pria agremia\u00e7\u00e3o estavam Gel\u00e1sio Pimenta, Jos\u00e9 Pinto e Silva, Francisco de Salles, Collet e Silva, Francisco Correia, Persy Corbett, Jos\u00e9 de Barros, M\u00e1rio Mendes, Jorge Collet e Fernando Ferreira da Rosa.<\/p>\n<p>E, com efeito, a 9 de novembro de 1902, era fundada a ASSOCIA\u00c7\u00c3O ATHLETICA DAS PALMEIRAS, cujas cores adotadas foram preto e branco.<\/p>\n<p>O clube abrigava na sua constitui\u00e7\u00e3o algumas das principais fam\u00edlias da cidade. Sua caracter\u00edstica de time elitista pode ser comprovada pelo fato de que, at\u00e9 1915, s\u00f3 doutorandos, engenheiros e Bachar\u00e9is em Direito podiam jogar pelo time.<\/p>\n<p>Os fundadores moravam no bairro de Santa Cec\u00edlia e Palmeiras. Ali n\u00e3o existiam as ruas de hoje e a Avenida Ang\u00e9lica era quase toda mato. No meio destes terrenos existia um campo cercado de matas e verduras.\u00a0 Mas era o local prop\u00edcio para ser erguido o \u201cground\u201d (campo de futebol).<\/p>\n<p><img loading=\"lazy\" decoding=\"async\" class=\"aligncenter\" src=\"https:\/\/historiadofutebol.com\/blog\/wp-content\/uploads\/2014\/12\/AA-das-Palmeiras.jpg\" alt=\"\" width=\"320\" height=\"204\" \/><\/p>\n<p>Era necess\u00e1rio capinar e transformar o terreno num campo de futebol, o que foi feito e em 1903 j\u00e1 os \u201cbravos rapazes\u201d nele se exercitavam e jogavam bola. Os mais entusiastas \u2013 diz a hist\u00f3ria \u2013 eram M\u00e1rio Mendes (antigo goleiro do Mackenzie College, Aquino Collet, Corbett, Eug\u00eanio Lefevre, Pinto Silva e Braga, que vieram a constituir o primeiro elenco da nova Associa\u00e7\u00e3o.<\/p>\n<p>Em princ\u00edpio a Associa\u00e7\u00e3o Athletica das Palmeiras enfrentava o Segundo Time do Club Athletico Paulistano, o que j\u00e1 era uma honra pela fama alcan\u00e7ada e categoria do tradicional clube. E n\u00e3o fazia feio, perdendo por dois gols e um de diferen\u00e7a apenas. Formou-se uma grande amizade e os jogos se sucediam nas datas em que n\u00e3o existiam as competi\u00e7\u00f5es oficiais no Vel\u00f3dromo.<\/p>\n<p>E nesse mesmo ano de 1903 foi realizado um Campeonato de Segundos Quadros, reunindo equipes do Paulistano, do Mackenzie, do Internacional, do Germania e da Palmeiras. E sabem que ficou no segundo posto, o novo clube que nascia para o futebol. Uma linda conquista. Em 1904 novo Campeonato de Segundos Quadros e outro brilhante vice-campeonato da A.A. das Palmeiras.<\/p>\n<p>Chega a temporada de 1905.<\/p>\n<p>A LIGA resolveu aumentar o n\u00famero de concorrentes a \u201cTa\u00e7a Penteado\u201d, ou seja, o Campeonato Paulista de Primeiros Times. A Associa\u00e7\u00e3o Athletica das Palmeiras se candidata junto com o Clube Atl\u00e9tico Internacional, da cidade de Santos, pioneiro do futebol naquele centro.<\/p>\n<p>Em virtude disto houve um Torneio de Sele\u00e7\u00e3o e a representa\u00e7\u00e3o do alvinegro saiu vencedora (4 a 0) conquistando merecidamente a vaga. Experimentou inicialmente alguns revezes, ficando em \u00faltimo lugar.<\/p>\n<p>A CAMPANHA NA ESTR\u00c9IA<\/p>\n<p>07 \u2013 maio \u2013 contra o Internacional \u2013 empate 0 a 0<\/p>\n<p>21 \u2013 maio \u2013 contra o S\u00e3o Paulo Athletic \u2013 derrota \u2013 1 a 2 \u2013 gol de Aquino<\/p>\n<p>22 \u2013 junho \u2013 contra o Mackenzie \u2013 derrota \u2013 6 a 0<\/p>\n<p>09 \u2013 julho \u2013 contra o Germ\u00e2nia \u2013 derrota \u2013 2 a 1 \u2013 gol de Eug\u00eanio<\/p>\n<p>23 \u2013 julho \u2013 contra o Internacional \u2013 derrota \u2013 2 a 1 \u2013 gol de Faria<\/p>\n<p>13 \u2013 julho \u2013 contra o S\u00e3o Paulo Athletic \u2013 vit\u00f3ria 3 a 0 \u2013 gols de Aquino, Neves e Faria<\/p>\n<p>27 \u2013 agosto \u2013 contra o Paulistano \u2013 derrota 3 a 1 \u2013 gol de Neves<\/p>\n<p>10 \u2013 setembro \u2013 contra o Germ\u00e2nia \u2013 derrota \u2013 7 a 1 \u2013 gol de Ac\u00e1cio<\/p>\n<p>23 \u2013 setembro \u2013 contra o Mackenzie \u2013 derrota \u2013 5 a 2 \u2013 gols de Aquino e Faria<\/p>\n<p>OBS: todos os jogos foram realizados no campo do Vel\u00f3dromo<\/p>\n<p><img loading=\"lazy\" decoding=\"async\" class=\"aligncenter\" src=\"https:\/\/historiadofutebol.com\/blog\/wp-content\/uploads\/2014\/12\/1910.jpg\" alt=\"\" width=\"420\" height=\"420\" \/><\/p>\n<p>Mas depois deste campeonato se verifica um fato importante na vida do clube. Verifica-se uma cis\u00e3o no Club Athletico Paulistano, liderada por Jorge Mesquita. E alguns desportistas como Jos\u00e9 Egydio, Raul Guimar\u00e3es e Plinio Rubi\u00e3o deixam o clube do Jardim Am\u00e9rica ingressando na Associa\u00e7\u00e3o Athletica das Palmeiras. Quem se desgosta com o fato \u00e9 o grande palmeirense Aquino que abandona o clube.<\/p>\n<p>E ent\u00e3o o clube inicia sua trajet\u00f3ria gloriosa. Inicia o campeonato de 1906 vencendo o S\u00e3o Paulo Athletic por 2 a 1 e se consagra a 10 de junho ao vencer o C.A. Paulistano, campe\u00e3o de 1905, por 3 a 2. E termina o campeonato apenas dois pontos atr\u00e1s do S.C. Germ\u00e2nia, campe\u00e3o daquele ano. Mas, numa crise com a Liga, acabou eliminada no final do certame, com dois jogos a cumprir, face um caso na partida contra o Internacional. E, por isso, ficou ausente dos Campeonatos de 1907 e 1908.<\/p>\n<p>Mas em 1909 haveria de fazer um retorno vitorioso. Chegou ao final do campeonato empatada com o C.A. Paulistano.<\/p>\n<p>Foi necess\u00e1rio um desempate. E, na tarde de 5 de dezembro de 1909, no Parque Ant\u00e1rctica, ent\u00e3o campo do Germ\u00e2nia, a A.A. das Palmeiras iria\u00a0 derrotar o famoso C.A. Paulistano por 2 a 1, conquistando assim seu primeiro t\u00edtulo paulista de futebol.<\/p>\n<p>Em 1910, com apenas dois pontos perdidos, o clube de Rubi\u00e3o voltou a ser campe\u00e3o paulista.<\/p>\n<p>Nova cis\u00e3o e novo afastamento da Liga, desta vez em definitivo. Ficou de fora nos campeonatos de 1911 e 1912 e somente retornou \u00e0s atividades em 1913, na nova entidade que surgia. Era a APEA (Associa\u00e7\u00e3o Paulista de Esportes Athleticos).<\/p>\n<p>E, finalmente, em 1913, num campeonato de tr\u00eas clubes apenas, ficou em terceiro e \u00faltimo lugar, atr\u00e1s do Paulistano e do Mackenzie.<\/p>\n<p>Em 1914 \u2013 ano da A.A. S\u00e3o Bento \u2013 ficou em pen\u00faltimo lugar, a frente apenas do Scottish Wandereres F.C.<\/p>\n<p>Mas ressurgiu das cinzas em 1915, para conquistar invicta o t\u00edtulo da APEA, com apenas um ponto perdido a frente, do Mackenzie e do Paulistano.<\/p>\n<p><img loading=\"lazy\" decoding=\"async\" class=\"aligncenter\" src=\"https:\/\/historiadofutebol.com\/blog\/wp-content\/uploads\/2014\/12\/CAMPEAO-DE-1915-WIKIPEDIA.jpg\" alt=\"\" width=\"586\" height=\"318\" \/><\/p>\n<p style=\"text-align: center\">A.A. das PALMEIRAS &#8211; Campe\u00e3 de 1915<\/p>\n<p>&nbsp;<\/p>\n<p><img loading=\"lazy\" decoding=\"async\" class=\"aligncenter\" src=\"https:\/\/historiadofutebol.com\/blog\/wp-content\/uploads\/2014\/12\/1921.jpg\" alt=\"\" width=\"420\" height=\"420\" \/><\/p>\n<p>No fim de sua vida no futebol, a A.A. das Palmeiras alcan\u00e7ou as seguintes coloca\u00e7\u00f5es:<\/p>\n<p>1916 \u2013 \u00faltima colocada (APEA)<\/p>\n<p>1917 \u2013 5\u00ba lugar (APEA)<\/p>\n<p>1918 \u2013 4\u00ba lugar (APEA)<\/p>\n<p>1919 \u2013 \u00faltima colocada (APEA)<\/p>\n<p>1920 \u2013 8\u00ba lugar (APEA)<\/p>\n<p>1921 \u2013 Pen\u00faltimo lugar (APEA)<\/p>\n<p>1922 \u2013 5\u00ba lugar (APEA)<\/p>\n<p>1924 \u2013 desclassificada para o 2\u00ba turno (APEA)<\/p>\n<p>1925 \u2013 retirou-se do campeonato e se desligou da APEA<\/p>\n<p>1926 \u2013 5\u00ba lugar \u2013 (Liga de Amadores)<\/p>\n<p>1927 \u2013 \u00faltimo lugar \u2013 (Liga de Amadores)<\/p>\n<p>1929 \u2013 \u00faltimo lugar \u2013 (Liga de Amadores)<\/p>\n<p>A partir de 1930 n\u00e3o mais existiu a Associa\u00e7\u00e3o Athletica das Palmeiras, a qual foi extinta. Seus dirigentes se juntaram a outros do Club Athletico Paulistano e fundaram o S\u00e3o Paulo Futebol Clube, que adotou as cores das duas agremia\u00e7\u00f5es em fus\u00e3o.<\/p>\n<p>&nbsp;<\/p>\n<p>FONTES:<\/p>\n<p>Texto extra\u00eddo do peri\u00f3dico Popular da Tarde, dos anos setenta, na sua \u00edntegra. Obs: n\u00e3o consta do texto o nome do\u00a0autor.<\/p>\n<p>Fotos e camisas: colecionadores de camisas de futebol e wikipedia<\/p>\n","protected":false},"excerpt":{"rendered":"<p>&nbsp; ASSOCIA\u00c7\u00c3O ATHLETICA DAS PALMEIRAS FUNDA\u00c7\u00c3O: 9 de novembro de 1902 &nbsp; Na vida do futebol paulista este nome re\u00fane lembran\u00e7as e um importante contexto de campe\u00e3o. No final de 1902, quando o futebol paulista j\u00e1 engatinhava a passos largos, com o primeiro campeonato paulista em seu final, um grupo de rapazes de uma determinada [&hellip;]<\/p>\n","protected":false},"author":47,"featured_media":0,"comment_status":"open","ping_status":"closed","sticky":false,"template":"","format":"standard","meta":{"footnotes":""},"categories":[189,59,3,73,51],"tags":[],"class_list":["post-66652","post","type-post","status-publish","format-standard","hentry","category-toninho-sereno","category-escudos","category-historia-do-futebol","category-f5-clubes-e-suas-historias-nacional","category-sao-paulo"],"_links":{"self":[{"href":"https:\/\/historiadofutebol.com\/blog\/index.php?rest_route=\/wp\/v2\/posts\/66652","targetHints":{"allow":["GET"]}}],"collection":[{"href":"https:\/\/historiadofutebol.com\/blog\/index.php?rest_route=\/wp\/v2\/posts"}],"about":[{"href":"https:\/\/historiadofutebol.com\/blog\/index.php?rest_route=\/wp\/v2\/types\/post"}],"author":[{"embeddable":true,"href":"https:\/\/historiadofutebol.com\/blog\/index.php?rest_route=\/wp\/v2\/users\/47"}],"replies":[{"embeddable":true,"href":"https:\/\/historiadofutebol.com\/blog\/index.php?rest_route=%2Fwp%2Fv2%2Fcomments&post=66652"}],"version-history":[{"count":7,"href":"https:\/\/historiadofutebol.com\/blog\/index.php?rest_route=\/wp\/v2\/posts\/66652\/revisions"}],"predecessor-version":[{"id":66664,"href":"https:\/\/historiadofutebol.com\/blog\/index.php?rest_route=\/wp\/v2\/posts\/66652\/revisions\/66664"}],"wp:attachment":[{"href":"https:\/\/historiadofutebol.com\/blog\/index.php?rest_route=%2Fwp%2Fv2%2Fmedia&parent=66652"}],"wp:term":[{"taxonomy":"category","embeddable":true,"href":"https:\/\/historiadofutebol.com\/blog\/index.php?rest_route=%2Fwp%2Fv2%2Fcategories&post=66652"},{"taxonomy":"post_tag","embeddable":true,"href":"https:\/\/historiadofutebol.com\/blog\/index.php?rest_route=%2Fwp%2Fv2%2Ftags&post=66652"}],"curies":[{"name":"wp","href":"https:\/\/api.w.org\/{rel}","templated":true}]}}