{"id":66586,"date":"2014-12-29T00:37:50","date_gmt":"2014-12-29T02:37:50","guid":{"rendered":"https:\/\/historiadofutebol.com\/blog\/?p=66586"},"modified":"2014-12-31T02:43:18","modified_gmt":"2014-12-31T04:43:18","slug":"sao-joao-football-club-vitoria-es-fundado-em-1930","status":"publish","type":"post","link":"https:\/\/historiadofutebol.com\/blog\/?p=66586","title":{"rendered":"S\u00e3o Jo\u00e3o Football Club &#8211; Vit\u00f3ria (ES): Fundado em 1930"},"content":{"rendered":"<p><img loading=\"lazy\" decoding=\"async\" class=\"aligncenter size-large wp-image-66587\" src=\"https:\/\/historiadofutebol.com\/blog\/wp-content\/uploads\/2014\/12\/Sao-Joao-FC-Vitoria-ES-500x284.jpg\" alt=\"\" width=\"500\" height=\"284\" srcset=\"https:\/\/historiadofutebol.com\/blog\/wp-content\/uploads\/2014\/12\/Sao-Joao-FC-Vitoria-ES-500x284.jpg 500w, https:\/\/historiadofutebol.com\/blog\/wp-content\/uploads\/2014\/12\/Sao-Joao-FC-Vitoria-ES-300x170.jpg 300w, https:\/\/historiadofutebol.com\/blog\/wp-content\/uploads\/2014\/12\/Sao-Joao-FC-Vitoria-ES.jpg 1187w\" sizes=\"auto, (max-width: 500px) 100vw, 500px\" \/><\/p>\n<p><img decoding=\"async\" class=\"aligncenter size-full wp-image-66590\" src=\"https:\/\/historiadofutebol.com\/blog\/wp-content\/uploads\/2014\/12\/jornal.bmp\" alt=\"\" \/><\/p>\n<p>Juntando as minhas pesquisas com a do amigo e membro Mario Ielo, chegamos no <strong>S\u00e3o Jo\u00e3o Football Club<\/strong>. O clube de cunho militar ficava localizado no Forte de S\u00e3o Jo\u00e3o, na cidade de Vit\u00f3ria (ES). Presidido por Severiano Costa, o \u00a0<strong><em>&#8216;Club do Forte&#8217;<\/em><\/strong> foi fundado em meados de 1930.<\/p>\n<p><img loading=\"lazy\" decoding=\"async\" class=\"aligncenter size-medium wp-image-66687\" src=\"https:\/\/historiadofutebol.com\/blog\/wp-content\/uploads\/2014\/12\/234-300x177.jpg\" alt=\"\" width=\"300\" height=\"177\" srcset=\"https:\/\/historiadofutebol.com\/blog\/wp-content\/uploads\/2014\/12\/234-300x177.jpg 300w, https:\/\/historiadofutebol.com\/blog\/wp-content\/uploads\/2014\/12\/234-500x295.jpg 500w, https:\/\/historiadofutebol.com\/blog\/wp-content\/uploads\/2014\/12\/234.jpg 806w\" sizes=\"auto, (max-width: 300px) 100vw, 300px\" \/><\/p>\n<p><img loading=\"lazy\" decoding=\"async\" class=\"aligncenter size-medium wp-image-66588\" src=\"https:\/\/historiadofutebol.com\/blog\/wp-content\/uploads\/2014\/12\/00119-261x300.jpg\" alt=\"\" width=\"261\" height=\"300\" srcset=\"https:\/\/historiadofutebol.com\/blog\/wp-content\/uploads\/2014\/12\/00119-261x300.jpg 261w, https:\/\/historiadofutebol.com\/blog\/wp-content\/uploads\/2014\/12\/00119-435x500.jpg 435w, https:\/\/historiadofutebol.com\/blog\/wp-content\/uploads\/2014\/12\/00119.jpg 558w\" sizes=\"auto, (max-width: 261px) 100vw, 261px\" \/><\/p>\n<p>O <strong>S\u00e3o Jo\u00e3o<\/strong>, que mandava os seus jogos no Campo do Forte de S\u00e3o Jo\u00e3o, disputou o <strong><em>Campeonato Capixaba quatro vezes<\/em><\/strong>: 1932, 1933, 1934 e 1935. Ao longo da pesquisa pudemos constar que as cores eram amarela e preto em 1931 e verde e vermelha em 1933. N\u00e3o conclu\u00edmos se ocorreu um erro do jornal ou se a agremia\u00e7\u00e3o alterou as suas cores. O certo que o escudo era o mesmo<\/p>\n<p><img loading=\"lazy\" decoding=\"async\" class=\"aligncenter size-full wp-image-66589\" src=\"https:\/\/historiadofutebol.com\/blog\/wp-content\/uploads\/2014\/12\/I0036250-8Alt003889Lar002752.jpg\" alt=\"\" width=\"956\" height=\"3368\" srcset=\"https:\/\/historiadofutebol.com\/blog\/wp-content\/uploads\/2014\/12\/I0036250-8Alt003889Lar002752.jpg 956w, https:\/\/historiadofutebol.com\/blog\/wp-content\/uploads\/2014\/12\/I0036250-8Alt003889Lar002752-85x300.jpg 85w\" sizes=\"auto, (max-width: 956px) 100vw, 956px\" \/><\/p>\n<p>Na reportagem do Di\u00e1rio da Manh\u00e3 anunciou o jogo v\u00e1lido pela Ta\u00e7a Severiano Odilon Costa, entre <strong><em>S\u00e3o Jo\u00e3o F.C. <\/em><\/strong>e <strong><em>Associa\u00e7\u00e3o Viminas de Esportes<\/em><\/strong>, no Campo do Forte de S\u00e3o Jo\u00e3o, no domingo, no dia 31 de maio de 1931.<\/p>\n<p><strong><span style=\"text-decoration: underline\">Primeiros Times<\/span><\/strong><\/p>\n<p><strong>S\u00e3o Jo\u00e3o Football Club<\/strong>: Maximino; Joel e Aryldo; Sessa, Medina e Lyrozill; Totinho, Biduca, Rey, Pedrolino e Orly.<\/p>\n<p><strong>Associa\u00e7\u00e3o Viminas de Esportes<\/strong>: Fausto; Silvino e Coutinho; Nelson, Duca e P. Barboza; Euclydes, Jo\u00e3o, Jos\u00e9, Soares e Hermes.<\/p>\n<p><strong><em>Reservas:<\/em><\/strong><em> Haroldo; Areobaldo e Rodrigues.<\/em><\/p>\n<p>&nbsp;<\/p>\n<p><strong><span style=\"text-decoration: underline\">Segundos Times<\/span><\/strong><\/p>\n<p><strong>S\u00e3o Jo\u00e3o Football Club<\/strong>: Santinho; Arthur e Nunes; Jo\u00e3o, Gilberto e Queiros; Madeira, Altair, Carlos, Adhemar e Pedro.<\/p>\n<p><strong><em>Reservas:<\/em><\/strong><em> Pedro, Sim\u00f5es, N\u00f4 e C\u00e9sar.<\/em><\/p>\n<p><strong>Associa\u00e7\u00e3o Viminas de Esportes<\/strong>: Claudinier; Venicius e Martins; Zezinho, Jeremias e Tironi; J. Baptista, Oscar, Passos, S\u00e1 Carvalho e Attila.<\/p>\n<p>&nbsp;<\/p>\n<p><strong><em>Reservas: <\/em><\/strong><em>J. Cardoso, Jocarly e Clovis.<strong><\/strong><\/em><\/p>\n<p>&nbsp;<\/p>\n<p><strong><em>Fonte:<\/em><\/strong><em> Di\u00e1rio da Manh\u00e3 (ES)<\/em><\/p>\n<p>&nbsp;<\/p>\n","protected":false},"excerpt":{"rendered":"<p>Juntando as minhas pesquisas com a do amigo e membro Mario Ielo, chegamos no S\u00e3o Jo\u00e3o Football Club. O clube de cunho militar ficava localizado no Forte de S\u00e3o Jo\u00e3o, na cidade de Vit\u00f3ria (ES). Presidido por Severiano Costa, o \u00a0&#8216;Club do Forte&#8217; foi fundado em meados de 1930. O S\u00e3o Jo\u00e3o, que mandava os [&hellip;]<\/p>\n","protected":false},"author":55,"featured_media":0,"comment_status":"open","ping_status":"closed","sticky":false,"template":"","format":"standard","meta":{"footnotes":""},"categories":[203,99,83,59,34,3],"tags":[],"class_list":["post-66586","post","type-post","status-publish","format-standard","hentry","category-sergio-mello","category-antonio-mario-ielo","category-x9-curiosidades","category-escudos","category-espirito-santo","category-historia-do-futebol"],"_links":{"self":[{"href":"https:\/\/historiadofutebol.com\/blog\/index.php?rest_route=\/wp\/v2\/posts\/66586","targetHints":{"allow":["GET"]}}],"collection":[{"href":"https:\/\/historiadofutebol.com\/blog\/index.php?rest_route=\/wp\/v2\/posts"}],"about":[{"href":"https:\/\/historiadofutebol.com\/blog\/index.php?rest_route=\/wp\/v2\/types\/post"}],"author":[{"embeddable":true,"href":"https:\/\/historiadofutebol.com\/blog\/index.php?rest_route=\/wp\/v2\/users\/55"}],"replies":[{"embeddable":true,"href":"https:\/\/historiadofutebol.com\/blog\/index.php?rest_route=%2Fwp%2Fv2%2Fcomments&post=66586"}],"version-history":[{"count":7,"href":"https:\/\/historiadofutebol.com\/blog\/index.php?rest_route=\/wp\/v2\/posts\/66586\/revisions"}],"predecessor-version":[{"id":66689,"href":"https:\/\/historiadofutebol.com\/blog\/index.php?rest_route=\/wp\/v2\/posts\/66586\/revisions\/66689"}],"wp:attachment":[{"href":"https:\/\/historiadofutebol.com\/blog\/index.php?rest_route=%2Fwp%2Fv2%2Fmedia&parent=66586"}],"wp:term":[{"taxonomy":"category","embeddable":true,"href":"https:\/\/historiadofutebol.com\/blog\/index.php?rest_route=%2Fwp%2Fv2%2Fcategories&post=66586"},{"taxonomy":"post_tag","embeddable":true,"href":"https:\/\/historiadofutebol.com\/blog\/index.php?rest_route=%2Fwp%2Fv2%2Ftags&post=66586"}],"curies":[{"name":"wp","href":"https:\/\/api.w.org\/{rel}","templated":true}]}}