{"id":66158,"date":"2014-12-18T21:24:01","date_gmt":"2014-12-18T23:24:01","guid":{"rendered":"https:\/\/historiadofutebol.com\/blog\/?p=66158"},"modified":"2014-12-27T23:52:00","modified_gmt":"2014-12-28T01:52:00","slug":"alguns-campeoes-no-rn-em-2014","status":"publish","type":"post","link":"https:\/\/historiadofutebol.com\/blog\/?p=66158","title":{"rendered":"Alguns campe\u00f5es no RN em 2014"},"content":{"rendered":"<table style=\"width: 463px; height: 340px;\" width=\"463\" border=\"0\" cellspacing=\"0\" cellpadding=\"0\">\n<tbody>\n<tr>\n<td valign=\"bottom\" width=\"187\">\n<p align=\"center\"><em>Competi\u00e7\u00e3o<\/em><\/p>\n<\/td>\n<td valign=\"bottom\" width=\"185\">\n<p align=\"center\"><em>Campe\u00e3o<\/em><\/p>\n<\/td>\n<td valign=\"bottom\" width=\"200\">\n<p align=\"center\"><em>Vice-campe\u00e3o<\/em><\/p>\n<\/td>\n<\/tr>\n<tr>\n<td width=\"187\">\n<p align=\"center\">Estadual<br \/>\n1\u00ba divis\u00e3o<\/p>\n<\/td>\n<td valign=\"bottom\" width=\"185\">\n<p align=\"center\">Am\u00e9rica<\/p>\n<\/td>\n<td valign=\"bottom\" width=\"200\">\n<p align=\"center\">Globo<\/p>\n<\/td>\n<\/tr>\n<tr>\n<td width=\"187\">\n<p align=\"center\">Estadual<br \/>\n2\u00ba divis\u00e3o<\/p>\n<\/td>\n<td valign=\"bottom\" width=\"185\">\n<p align=\"center\">For\u00e7a e Luz<\/p>\n<\/td>\n<td valign=\"bottom\" width=\"200\">\n<p align=\"center\">Currais Novos<\/p>\n<\/td>\n<\/tr>\n<tr>\n<td width=\"187\">\n<p align=\"center\">Copa Cidade do Natal<\/p>\n<p align=\"center\">\n<\/td>\n<td valign=\"bottom\" width=\"185\">\n<p align=\"center\">Am\u00e9rica<\/p>\n<\/td>\n<td valign=\"bottom\" width=\"200\">\n<p align=\"center\">ABC<\/p>\n<\/td>\n<\/tr>\n<tr>\n<td width=\"187\">\n<p align=\"center\">Ta\u00e7a<br \/>\nFNF<\/p>\n<\/td>\n<td valign=\"bottom\" width=\"185\">\n<p align=\"center\">Globo<\/p>\n<\/td>\n<td valign=\"bottom\" width=\"200\">\n<p align=\"center\">Bara\u00fanas<\/p>\n<\/td>\n<\/tr>\n<tr>\n<td width=\"187\">\n<p align=\"center\">Copa<br \/>\nRN<\/p>\n<\/td>\n<td valign=\"bottom\" width=\"185\">\n<p align=\"center\">Globo<\/p>\n<\/td>\n<td valign=\"bottom\" width=\"200\">\n<p align=\"center\">Am\u00e9rica<\/p>\n<\/td>\n<\/tr>\n<tr>\n<td width=\"187\">\n<p align=\"center\">Estadual-seletiva<br \/>\nFeminino<\/p>\n<\/td>\n<td valign=\"bottom\" width=\"185\">\n<p align=\"center\">Monamy<\/p>\n<\/td>\n<td valign=\"bottom\" width=\"200\"><\/td>\n<\/tr>\n<tr>\n<td width=\"187\">\n<p align=\"center\">Copa<br \/>\nda Mulher<\/p>\n<\/td>\n<td valign=\"bottom\" width=\"185\">\n<p align=\"center\">Sel.<br \/>\nCarnaubais<\/p>\n<\/td>\n<td valign=\"bottom\" width=\"200\">\n<p align=\"center\">Sel.<br \/>\nMacaiba<\/p>\n<\/td>\n<\/tr>\n<tr>\n<td width=\"187\">\n<p align=\"center\">Estadual<br \/>\nSub-19<\/p>\n<\/td>\n<td valign=\"bottom\" width=\"185\">\n<p align=\"center\">Globo<\/p>\n<\/td>\n<td valign=\"bottom\" width=\"200\">\n<p align=\"center\">Palmeira<\/p>\n<\/td>\n<\/tr>\n<tr>\n<td width=\"187\">\n<p align=\"center\">Estadual<br \/>\nSub-17<\/p>\n<\/td>\n<td valign=\"bottom\" width=\"185\">\n<p align=\"center\">ABC<\/p>\n<\/td>\n<td valign=\"bottom\" width=\"200\">\n<p align=\"center\">Am\u00e9rica<\/p>\n<\/td>\n<\/tr>\n<tr>\n<td width=\"187\">\n<p align=\"center\">TC<br \/>\nNatal de Futsal<\/p>\n<\/td>\n<td valign=\"bottom\" width=\"185\">\n<p align=\"center\">Cruzeiro<\/p>\n<\/td>\n<td valign=\"bottom\" width=\"200\">\n<p align=\"center\">Am\u00e9rica<\/p>\n<\/td>\n<\/tr>\n<tr>\n<td width=\"187\">\n<p align=\"center\">Estadual<br \/>\nde Futsal<\/p>\n<\/td>\n<td valign=\"bottom\" width=\"185\">\n<p align=\"center\">Alto FC<\/p>\n<\/td>\n<td valign=\"bottom\" width=\"200\">\u00a0\u00a0\u00a0\u00a0\u00a0\u00a0\u00a0\u00a0\u00a0\u00a0\u00a0\u00a0 AABB\/Umarizal<\/td>\n<\/tr>\n<\/tbody>\n<\/table>\n","protected":false},"excerpt":{"rendered":"<p>Competi\u00e7\u00e3o Campe\u00e3o Vice-campe\u00e3o Estadual 1\u00ba divis\u00e3o Am\u00e9rica Globo Estadual 2\u00ba divis\u00e3o For\u00e7a e Luz Currais Novos Copa Cidade do Natal Am\u00e9rica ABC Ta\u00e7a FNF Globo Bara\u00fanas Copa RN Globo Am\u00e9rica Estadual-seletiva Feminino Monamy Copa da Mulher Sel. Carnaubais Sel. Macaiba Estadual Sub-19 Globo Palmeira Estadual Sub-17 ABC Am\u00e9rica TC Natal de Futsal Cruzeiro Am\u00e9rica Estadual [&hellip;]<\/p>\n","protected":false},"author":33,"featured_media":0,"comment_status":"open","ping_status":"closed","sticky":false,"template":"","format":"standard","meta":{"footnotes":""},"categories":[111,45],"tags":[],"class_list":["post-66158","post","type-post","status-publish","format-standard","hentry","category-ricardo-amaral","category-rg-do-norte"],"_links":{"self":[{"href":"https:\/\/historiadofutebol.com\/blog\/index.php?rest_route=\/wp\/v2\/posts\/66158","targetHints":{"allow":["GET"]}}],"collection":[{"href":"https:\/\/historiadofutebol.com\/blog\/index.php?rest_route=\/wp\/v2\/posts"}],"about":[{"href":"https:\/\/historiadofutebol.com\/blog\/index.php?rest_route=\/wp\/v2\/types\/post"}],"author":[{"embeddable":true,"href":"https:\/\/historiadofutebol.com\/blog\/index.php?rest_route=\/wp\/v2\/users\/33"}],"replies":[{"embeddable":true,"href":"https:\/\/historiadofutebol.com\/blog\/index.php?rest_route=%2Fwp%2Fv2%2Fcomments&post=66158"}],"version-history":[{"count":5,"href":"https:\/\/historiadofutebol.com\/blog\/index.php?rest_route=\/wp\/v2\/posts\/66158\/revisions"}],"predecessor-version":[{"id":66549,"href":"https:\/\/historiadofutebol.com\/blog\/index.php?rest_route=\/wp\/v2\/posts\/66158\/revisions\/66549"}],"wp:attachment":[{"href":"https:\/\/historiadofutebol.com\/blog\/index.php?rest_route=%2Fwp%2Fv2%2Fmedia&parent=66158"}],"wp:term":[{"taxonomy":"category","embeddable":true,"href":"https:\/\/historiadofutebol.com\/blog\/index.php?rest_route=%2Fwp%2Fv2%2Fcategories&post=66158"},{"taxonomy":"post_tag","embeddable":true,"href":"https:\/\/historiadofutebol.com\/blog\/index.php?rest_route=%2Fwp%2Fv2%2Ftags&post=66158"}],"curies":[{"name":"wp","href":"https:\/\/api.w.org\/{rel}","templated":true}]}}