{"id":64398,"date":"2014-11-27T22:35:55","date_gmt":"2014-11-28T00:35:55","guid":{"rendered":"https:\/\/historiadofutebol.com\/blog\/?p=64398"},"modified":"2014-11-28T14:06:42","modified_gmt":"2014-11-28T16:06:42","slug":"amistoso-estadual-atletico-5-x-0-palmeiras-mt","status":"publish","type":"post","link":"https:\/\/historiadofutebol.com\/blog\/?p=64398","title":{"rendered":"Amistoso Estadual &#8211; Atl\u00e9tico 5 x 0 Palmeiras (MT)"},"content":{"rendered":"<p>Visando a prepara\u00e7\u00e3o para o<strong> Campeonato Matogrossense de 1960<\/strong>, o <span style=\"color: #008000\"><strong>Atl\u00e9tico<\/strong><em> (Clube Atl\u00e9tico Matogrossense)<\/em><\/span> goleou o <strong><span style=\"color: #008000\">Palmeiras<\/span><\/strong> por 5 a 0, no domingo, <em>no dia 2 de outubro de 1960<\/em>, no Est\u00e1dio Presidente Dutra, em Cuiab\u00e1 (MT). Assim descreveu a peleja o <em>Jornal Estado de Mato Grosso<\/em> sobre o amistoso:<\/p>\n<p><span style=\"color: #0000ff\">&#8220;<em>Em que pese o elevado escore da vit\u00f3ria do &#8216;Galo&#8217;, for\u00e7oso \u00e9 reconhecer o elogi\u00e1vel\u00a0 esp\u00edrito de luta dos palmeirenses, cujos defensores empregaram se a fundo no amistoso<\/em>&#8220;.<\/span><\/p>\n<p><span style=\"color: #008000\"><strong>Atl\u00e9tico\u00a0\u00a0\u00a0\u00a0\u00a0\u00a0\u00a0\u00a0 5\u00a0\u00a0\u00a0\u00a0\u00a0\u00a0\u00a0\u00a0\u00a0 X\u00a0\u00a0\u00a0\u00a0\u00a0\u00a0\u00a0\u00a0 0\u00a0\u00a0\u00a0\u00a0\u00a0\u00a0\u00a0\u00a0\u00a0 Palmeiras<\/strong><\/span><\/p>\n<p><strong>Est\u00e1dio:<\/strong> Presidente Dutra, em Cuiab\u00e1 (MT)<\/p>\n<p><strong>\u00c1rbitro:<\/strong> Samuel T. da Silva<\/p>\n<p><strong>Cart\u00e3o vermelho:<\/strong> Portela (Atl\u00e9tico)<\/p>\n<p><strong>Renda:<\/strong> Cr$ 3.275,00<\/p>\n<p><span style=\"color: #008000\"><strong>Atl\u00e9tico:<\/strong><\/span> Fernando; Lu\u00eds e Vidal (M\u00e1rio); Alinor (S\u00e9rgio), Sebasti\u00e3o e Irado; Damasceno, Baicere (Alinor), Natanael (Altamiro), Portela e Emilio (Milit\u00e3o).<\/p>\n<p><span style=\"color: #008000\"><strong>Palmeiras:<\/strong><\/span> Carlos; Joaquim e Martins; Batista, Vadinho e So\u00eanio; Laerter (Agr\u00edcola), Alu\u00edsio (Vav\u00e1), Licio Malheiros, Orlando e Garibadi.<\/p>\n<p><strong>Gols:<\/strong> Damasceno (tr\u00eas vezes), Emilio e Milit\u00e3o marcaram para o Atl\u00e9tico<\/p>\n","protected":false},"excerpt":{"rendered":"<p>Visando a prepara\u00e7\u00e3o para o Campeonato Matogrossense de 1960, o Atl\u00e9tico (Clube Atl\u00e9tico Matogrossense) goleou o Palmeiras por 5 a 0, no domingo, no dia 2 de outubro de 1960, no Est\u00e1dio Presidente Dutra, em Cuiab\u00e1 (MT). Assim descreveu a peleja o Jornal Estado de Mato Grosso sobre o amistoso: &#8220;Em que pese o elevado [&hellip;]<\/p>\n","protected":false},"author":55,"featured_media":0,"comment_status":"open","ping_status":"closed","sticky":false,"template":"","format":"standard","meta":{"footnotes":""},"categories":[203,83,3,37],"tags":[],"class_list":["post-64398","post","type-post","status-publish","format-standard","hentry","category-sergio-mello","category-x9-curiosidades","category-historia-do-futebol","category-mato-grosso"],"_links":{"self":[{"href":"https:\/\/historiadofutebol.com\/blog\/index.php?rest_route=\/wp\/v2\/posts\/64398","targetHints":{"allow":["GET"]}}],"collection":[{"href":"https:\/\/historiadofutebol.com\/blog\/index.php?rest_route=\/wp\/v2\/posts"}],"about":[{"href":"https:\/\/historiadofutebol.com\/blog\/index.php?rest_route=\/wp\/v2\/types\/post"}],"author":[{"embeddable":true,"href":"https:\/\/historiadofutebol.com\/blog\/index.php?rest_route=\/wp\/v2\/users\/55"}],"replies":[{"embeddable":true,"href":"https:\/\/historiadofutebol.com\/blog\/index.php?rest_route=%2Fwp%2Fv2%2Fcomments&post=64398"}],"version-history":[{"count":4,"href":"https:\/\/historiadofutebol.com\/blog\/index.php?rest_route=\/wp\/v2\/posts\/64398\/revisions"}],"predecessor-version":[{"id":64402,"href":"https:\/\/historiadofutebol.com\/blog\/index.php?rest_route=\/wp\/v2\/posts\/64398\/revisions\/64402"}],"wp:attachment":[{"href":"https:\/\/historiadofutebol.com\/blog\/index.php?rest_route=%2Fwp%2Fv2%2Fmedia&parent=64398"}],"wp:term":[{"taxonomy":"category","embeddable":true,"href":"https:\/\/historiadofutebol.com\/blog\/index.php?rest_route=%2Fwp%2Fv2%2Fcategories&post=64398"},{"taxonomy":"post_tag","embeddable":true,"href":"https:\/\/historiadofutebol.com\/blog\/index.php?rest_route=%2Fwp%2Fv2%2Ftags&post=64398"}],"curies":[{"name":"wp","href":"https:\/\/api.w.org\/{rel}","templated":true}]}}