{"id":64245,"date":"2014-11-21T22:29:57","date_gmt":"2014-11-22T00:29:57","guid":{"rendered":"https:\/\/historiadofutebol.com\/blog\/?p=64245"},"modified":"2014-11-21T22:29:57","modified_gmt":"2014-11-22T00:29:57","slug":"posteres-dos-craques-dos-anos-40-zizinho","status":"publish","type":"post","link":"https:\/\/historiadofutebol.com\/blog\/?p=64245","title":{"rendered":"P\u00f4steres dos craques dos anos 40: Zizinho"},"content":{"rendered":"<p>No pen\u00faltimo artigo de \u201cUm Crack por semana\u201d, do Globo Sportivo da d\u00e9cada de 40, um craca\u00e7o de bola: Tom\u00e1s Soares da Silva, mais conhecido como Zizinho (S\u00e3o Gon\u00e7alo, 14 de setembro de 1921 \u2014 Niter\u00f3i, 8 de fevereiro de 2002), foi um dos grandes meias do futebol mundial. Na publica\u00e7\u00e3o do dia\u00a003 \u00a0de janeiro de 1941, o Mestre Ziza vestindo o Manto Sagrado do Flamengo.<\/p>\n<p><img loading=\"lazy\" decoding=\"async\" class=\"aligncenter size-full wp-image-64246\" src=\"https:\/\/historiadofutebol.com\/blog\/wp-content\/uploads\/2014\/11\/Zizinho-3-01-1941.jpg\" alt=\"\" width=\"1366\" height=\"1775\" srcset=\"https:\/\/historiadofutebol.com\/blog\/wp-content\/uploads\/2014\/11\/Zizinho-3-01-1941.jpg 1366w, https:\/\/historiadofutebol.com\/blog\/wp-content\/uploads\/2014\/11\/Zizinho-3-01-1941-230x300.jpg 230w, https:\/\/historiadofutebol.com\/blog\/wp-content\/uploads\/2014\/11\/Zizinho-3-01-1941-384x500.jpg 384w\" sizes=\"auto, (max-width: 1366px) 100vw, 1366px\" \/><\/p>\n<p>&nbsp;<\/p>\n","protected":false},"excerpt":{"rendered":"<p>No pen\u00faltimo artigo de \u201cUm Crack por semana\u201d, do Globo Sportivo da d\u00e9cada de 40, um craca\u00e7o de bola: Tom\u00e1s Soares da Silva, mais conhecido como Zizinho (S\u00e3o Gon\u00e7alo, 14 de setembro de 1921 \u2014 Niter\u00f3i, 8 de fevereiro de 2002), foi um dos grandes meias do futebol mundial. Na publica\u00e7\u00e3o do dia\u00a003 \u00a0de janeiro [&hellip;]<\/p>\n","protected":false},"author":55,"featured_media":0,"comment_status":"open","ping_status":"closed","sticky":false,"template":"","format":"standard","meta":{"footnotes":""},"categories":[203,83,3,47],"tags":[],"class_list":["post-64245","post","type-post","status-publish","format-standard","hentry","category-sergio-mello","category-x9-curiosidades","category-historia-do-futebol","category-rio-de-janeiro"],"_links":{"self":[{"href":"https:\/\/historiadofutebol.com\/blog\/index.php?rest_route=\/wp\/v2\/posts\/64245","targetHints":{"allow":["GET"]}}],"collection":[{"href":"https:\/\/historiadofutebol.com\/blog\/index.php?rest_route=\/wp\/v2\/posts"}],"about":[{"href":"https:\/\/historiadofutebol.com\/blog\/index.php?rest_route=\/wp\/v2\/types\/post"}],"author":[{"embeddable":true,"href":"https:\/\/historiadofutebol.com\/blog\/index.php?rest_route=\/wp\/v2\/users\/55"}],"replies":[{"embeddable":true,"href":"https:\/\/historiadofutebol.com\/blog\/index.php?rest_route=%2Fwp%2Fv2%2Fcomments&post=64245"}],"version-history":[{"count":1,"href":"https:\/\/historiadofutebol.com\/blog\/index.php?rest_route=\/wp\/v2\/posts\/64245\/revisions"}],"predecessor-version":[{"id":64247,"href":"https:\/\/historiadofutebol.com\/blog\/index.php?rest_route=\/wp\/v2\/posts\/64245\/revisions\/64247"}],"wp:attachment":[{"href":"https:\/\/historiadofutebol.com\/blog\/index.php?rest_route=%2Fwp%2Fv2%2Fmedia&parent=64245"}],"wp:term":[{"taxonomy":"category","embeddable":true,"href":"https:\/\/historiadofutebol.com\/blog\/index.php?rest_route=%2Fwp%2Fv2%2Fcategories&post=64245"},{"taxonomy":"post_tag","embeddable":true,"href":"https:\/\/historiadofutebol.com\/blog\/index.php?rest_route=%2Fwp%2Fv2%2Ftags&post=64245"}],"curies":[{"name":"wp","href":"https:\/\/api.w.org\/{rel}","templated":true}]}}