{"id":63771,"date":"2014-11-06T22:51:14","date_gmt":"2014-11-07T00:51:14","guid":{"rendered":"https:\/\/historiadofutebol.com\/blog\/?p=63771"},"modified":"2015-02-23T13:11:49","modified_gmt":"2015-02-23T16:11:49","slug":"clube-paroquial-padre-luiz-freire-de-almeida-braganca-pa-escudo-inedito","status":"publish","type":"post","link":"https:\/\/historiadofutebol.com\/blog\/?p=63771","title":{"rendered":"Clube Paroquial Padre Luiz Freire de Almeida &#8211; Bragan\u00e7a (PA) Escudo in\u00e9dito"},"content":{"rendered":"<p><img loading=\"lazy\" decoding=\"async\" class=\"aligncenter size-large wp-image-63773\" src=\"https:\/\/historiadofutebol.com\/blog\/wp-content\/uploads\/2014\/11\/Clube-Paroquial-novo-500x500.jpg\" alt=\"\" width=\"500\" height=\"500\" srcset=\"https:\/\/historiadofutebol.com\/blog\/wp-content\/uploads\/2014\/11\/Clube-Paroquial-novo-500x500.jpg 500w, https:\/\/historiadofutebol.com\/blog\/wp-content\/uploads\/2014\/11\/Clube-Paroquial-novo-150x150.jpg 150w, https:\/\/historiadofutebol.com\/blog\/wp-content\/uploads\/2014\/11\/Clube-Paroquial-novo-300x300.jpg 300w, https:\/\/historiadofutebol.com\/blog\/wp-content\/uploads\/2014\/11\/Clube-Paroquial-novo-96x96.jpg 96w, https:\/\/historiadofutebol.com\/blog\/wp-content\/uploads\/2014\/11\/Clube-Paroquial-novo-24x24.jpg 24w, https:\/\/historiadofutebol.com\/blog\/wp-content\/uploads\/2014\/11\/Clube-Paroquial-novo-36x36.jpg 36w, https:\/\/historiadofutebol.com\/blog\/wp-content\/uploads\/2014\/11\/Clube-Paroquial-novo-48x48.jpg 48w, https:\/\/historiadofutebol.com\/blog\/wp-content\/uploads\/2014\/11\/Clube-Paroquial-novo-64x64.jpg 64w, https:\/\/historiadofutebol.com\/blog\/wp-content\/uploads\/2014\/11\/Clube-Paroquial-novo.jpg 700w\" sizes=\"auto, (max-width: 500px) 100vw, 500px\" \/><\/p>\n<p>Sob a batuta do amigo, jornalista e pesquisador do futebol paraense, <span style=\"color: #0000ff\"><strong>Felipe Feitosa<\/strong><\/span>, \u00a0mais um escudo est\u00e1 sendo apresentado aos amantes do nosso esporte bret\u00e3o:<strong><span style=\"color: #339966\"> Clube Paroquial Padre Luiz Freire de Almeida<\/span>,\u00a0<\/strong>que\u00a0disputou o Campeonato Paraense da Segunda Divis\u00e3o, nos anos 70.<\/p>\n<p><img loading=\"lazy\" decoding=\"async\" class=\"aligncenter size-medium wp-image-63772\" src=\"https:\/\/historiadofutebol.com\/blog\/wp-content\/uploads\/2014\/11\/Clube-Paroquial-1950-233x300.jpg\" alt=\"\" width=\"233\" height=\"300\" srcset=\"https:\/\/historiadofutebol.com\/blog\/wp-content\/uploads\/2014\/11\/Clube-Paroquial-1950-233x300.jpg 233w, https:\/\/historiadofutebol.com\/blog\/wp-content\/uploads\/2014\/11\/Clube-Paroquial-1950-389x500.jpg 389w, https:\/\/historiadofutebol.com\/blog\/wp-content\/uploads\/2014\/11\/Clube-Paroquial-1950.jpg 700w\" sizes=\"auto, (max-width: 233px) 100vw, 233px\" \/><\/p>\n<p>O <span style=\"color: #339966\"><strong>Alviverde<\/strong><\/span> foi<span style=\"color: #339966\"> <strong>Fundado em 1950<\/strong><\/span>, e a sua sede e est\u00e1dio <span style=\"color: #339966\"><em>(Padre Expedito Machado)<\/em><\/span>ficam situados na Rua General Gurj\u00e3o, s\/n, no Bairro de Panair, na cidade de Bragan\u00e7a (PA). Localizado no Noroeste Paraense, Bragan\u00e7a conta com uma popula\u00e7\u00e3o de 113.165 habitantes, e fica a 220 km da capital Bel\u00e9m. A cidade conta com belas praias como: do Grilo, do Boi\u00e7ucanga, do Pil\u00e3o, Chavascal e da Vila.<\/p>\n<p>&nbsp;<\/p>\n<p><span style=\"color: #800000\"><em><strong>Fontes:<\/strong>\u00a0Wikipedia &#8211; http:\/\/www.rsssfbrasil.com\/tablesae\/brcllist.htm<\/em><\/span><\/p>\n","protected":false},"excerpt":{"rendered":"<p>Sob a batuta do amigo, jornalista e pesquisador do futebol paraense, Felipe Feitosa, \u00a0mais um escudo est\u00e1 sendo apresentado aos amantes do nosso esporte bret\u00e3o: Clube Paroquial Padre Luiz Freire de Almeida,\u00a0que\u00a0disputou o Campeonato Paraense da Segunda Divis\u00e3o, nos anos 70. O Alviverde foi Fundado em 1950, e a sua sede e est\u00e1dio (Padre Expedito [&hellip;]<\/p>\n","protected":false},"author":55,"featured_media":0,"comment_status":"open","ping_status":"closed","sticky":false,"template":"","format":"standard","meta":{"footnotes":""},"categories":[203,746,83,59,3,42],"tags":[],"class_list":["post-63771","post","type-post","status-publish","format-standard","hentry","category-sergio-mello","category-felipe-feitosa","category-x9-curiosidades","category-escudos","category-historia-do-futebol","category-para"],"_links":{"self":[{"href":"https:\/\/historiadofutebol.com\/blog\/index.php?rest_route=\/wp\/v2\/posts\/63771","targetHints":{"allow":["GET"]}}],"collection":[{"href":"https:\/\/historiadofutebol.com\/blog\/index.php?rest_route=\/wp\/v2\/posts"}],"about":[{"href":"https:\/\/historiadofutebol.com\/blog\/index.php?rest_route=\/wp\/v2\/types\/post"}],"author":[{"embeddable":true,"href":"https:\/\/historiadofutebol.com\/blog\/index.php?rest_route=\/wp\/v2\/users\/55"}],"replies":[{"embeddable":true,"href":"https:\/\/historiadofutebol.com\/blog\/index.php?rest_route=%2Fwp%2Fv2%2Fcomments&post=63771"}],"version-history":[{"count":7,"href":"https:\/\/historiadofutebol.com\/blog\/index.php?rest_route=\/wp\/v2\/posts\/63771\/revisions"}],"predecessor-version":[{"id":63776,"href":"https:\/\/historiadofutebol.com\/blog\/index.php?rest_route=\/wp\/v2\/posts\/63771\/revisions\/63776"}],"wp:attachment":[{"href":"https:\/\/historiadofutebol.com\/blog\/index.php?rest_route=%2Fwp%2Fv2%2Fmedia&parent=63771"}],"wp:term":[{"taxonomy":"category","embeddable":true,"href":"https:\/\/historiadofutebol.com\/blog\/index.php?rest_route=%2Fwp%2Fv2%2Fcategories&post=63771"},{"taxonomy":"post_tag","embeddable":true,"href":"https:\/\/historiadofutebol.com\/blog\/index.php?rest_route=%2Fwp%2Fv2%2Ftags&post=63771"}],"curies":[{"name":"wp","href":"https:\/\/api.w.org\/{rel}","templated":true}]}}