{"id":63770,"date":"2014-11-06T23:10:20","date_gmt":"2014-11-07T01:10:20","guid":{"rendered":"https:\/\/historiadofutebol.com\/blog\/?p=63770"},"modified":"2014-11-06T23:10:21","modified_gmt":"2014-11-07T01:10:21","slug":"viclen-futebol-clube-de-porto-alegrers","status":"publish","type":"post","link":"https:\/\/historiadofutebol.com\/blog\/?p=63770","title":{"rendered":"Viclen Futebol Clube de Porto Alegre(RS)"},"content":{"rendered":"<p><span style=\"color: #000000;\"><strong>Nome: Viclen Futebol Clube<\/strong><\/span><\/p>\n<p><strong>Bairro: Alto Petr\u00f3polis<\/strong><\/p>\n<p><strong>Cidade: Porto Alegre(RS)<\/strong><\/p>\n<p><strong>Funda\u00e7\u00e3o: 2011<\/strong><\/p>\n<p><strong>Cores: Azul\/Preto\/Branco<\/strong><\/p>\n<p><strong>Principais t\u00edtulos: Campe\u00e3o da 9\u00aa Ta\u00e7a Petr\u00f3polis em 2011, Vice-Campe\u00e3o do Torneio de Ver\u00e3o da Liga do Ramiro Souto em 2011, Campe\u00e3o da Liga do Parque Moinhos de Vento em 2012, Campe\u00e3o Municipal For\u00e7a Livre S\u00e9rie A em 2012, Campe\u00e3o da II Copa dos Campe\u00f5es 2013 da Liga Canoense de Futebol Society S\u00e9rie Ouro em 2013,\u00a0Campe\u00e3o da Copa Ouro da Liga do Ramiro Souto em 2014, Campe\u00e3o da Liga do Parque Moinhos de Vento em 2014.<\/strong><\/p>\n<p><strong>Fundado em 2011 por Celso de Oliveira Fernandes que \u00e9 dono da vidra\u00e7aria localizada na Av.Prot\u00e1sio Alves que d\u00e1 nome e banca o Viclen, Celso \u00e9 o presidente e treinador. O nome Viclen, na verdade \u00e9 um acr\u00f3stico em homenagem a sua fam\u00edlia: as duas primeiras letras correspondem a primeira s\u00edlaba da palavra vidra\u00e7aria, o &#8220;C&#8221; \u00e9 de Celso, o &#8220;L&#8221; \u00e9 de Lorran(filho de Celso e jogador do time), o &#8220;E&#8221; \u00e9 de Endrews(filho e tamb\u00e9m jogador) e &#8220;N&#8221; \u00e9 um agrado a sua esposa, Nara, pouco afeita ao futebol. O maior feito do Viclen foi a conquista do campeonato municipal de Porto Alegre em 2012 quando derrotou na final o CE Arsenal da Cohab Cavalhada pelo placar de 3&#215;1, jogo este realizado no Est\u00e1dio Passo d&#8221;Areia do EC S\u00e3o Jos\u00e9.<\/strong><\/p>\n<p><a href=\"https:\/\/historiadofutebol.com\/blog\/?attachment_id=63778\" rel=\"attachment wp-att-63778\"><img loading=\"lazy\" decoding=\"async\" class=\"aligncenter size-large wp-image-63778\" title=\"Viclen FC 2\" src=\"https:\/\/historiadofutebol.com\/blog\/wp-content\/uploads\/2014\/11\/Viclen-FC-2-338x500.jpg\" alt=\"\" width=\"338\" height=\"500\" srcset=\"https:\/\/historiadofutebol.com\/blog\/wp-content\/uploads\/2014\/11\/Viclen-FC-2-338x500.jpg 338w, https:\/\/historiadofutebol.com\/blog\/wp-content\/uploads\/2014\/11\/Viclen-FC-2-203x300.jpg 203w, https:\/\/historiadofutebol.com\/blog\/wp-content\/uploads\/2014\/11\/Viclen-FC-2.jpeg 650w\" sizes=\"auto, (max-width: 338px) 100vw, 338px\" \/><\/a><\/p>\n<p><a href=\"https:\/\/historiadofutebol.com\/blog\/?attachment_id=63779\" rel=\"attachment wp-att-63779\"><img loading=\"lazy\" decoding=\"async\" class=\"aligncenter size-large wp-image-63779\" title=\"Viclen FC 5\" src=\"https:\/\/historiadofutebol.com\/blog\/wp-content\/uploads\/2014\/11\/Viclen-FC-5-500x256.jpg\" alt=\"\" width=\"500\" height=\"256\" srcset=\"https:\/\/historiadofutebol.com\/blog\/wp-content\/uploads\/2014\/11\/Viclen-FC-5-500x256.jpg 500w, https:\/\/historiadofutebol.com\/blog\/wp-content\/uploads\/2014\/11\/Viclen-FC-5-300x153.jpg 300w, https:\/\/historiadofutebol.com\/blog\/wp-content\/uploads\/2014\/11\/Viclen-FC-5.jpeg 960w\" sizes=\"auto, (max-width: 500px) 100vw, 500px\" \/><\/a><\/p>\n<p style=\"text-align: center;\"><strong><span style=\"color: #000000;\">Viclen Campe\u00e3o Municipal 2012, infelizmente n\u00e3o se tem registros do time posado na final.<\/span><\/strong><\/p>\n","protected":false},"excerpt":{"rendered":"<p>Nome: Viclen Futebol Clube Bairro: Alto Petr\u00f3polis Cidade: Porto Alegre(RS) Funda\u00e7\u00e3o: 2011 Cores: Azul\/Preto\/Branco Principais t\u00edtulos: Campe\u00e3o da 9\u00aa Ta\u00e7a Petr\u00f3polis em 2011, Vice-Campe\u00e3o do Torneio de Ver\u00e3o da Liga do Ramiro Souto em 2011, Campe\u00e3o da Liga do Parque Moinhos de Vento em 2012, Campe\u00e3o Municipal For\u00e7a Livre S\u00e9rie A em 2012, Campe\u00e3o da [&hellip;]<\/p>\n","protected":false},"author":34,"featured_media":0,"comment_status":"open","ping_status":"closed","sticky":false,"template":"","format":"standard","meta":{"footnotes":""},"categories":[187,59,118,46],"tags":[],"class_list":["post-63770","post","type-post","status-publish","format-standard","hentry","category-roselio-basei","category-escudos","category-futebol-amador-varzeano","category-rg-do-sul"],"_links":{"self":[{"href":"https:\/\/historiadofutebol.com\/blog\/index.php?rest_route=\/wp\/v2\/posts\/63770","targetHints":{"allow":["GET"]}}],"collection":[{"href":"https:\/\/historiadofutebol.com\/blog\/index.php?rest_route=\/wp\/v2\/posts"}],"about":[{"href":"https:\/\/historiadofutebol.com\/blog\/index.php?rest_route=\/wp\/v2\/types\/post"}],"author":[{"embeddable":true,"href":"https:\/\/historiadofutebol.com\/blog\/index.php?rest_route=\/wp\/v2\/users\/34"}],"replies":[{"embeddable":true,"href":"https:\/\/historiadofutebol.com\/blog\/index.php?rest_route=%2Fwp%2Fv2%2Fcomments&post=63770"}],"version-history":[{"count":2,"href":"https:\/\/historiadofutebol.com\/blog\/index.php?rest_route=\/wp\/v2\/posts\/63770\/revisions"}],"predecessor-version":[{"id":63783,"href":"https:\/\/historiadofutebol.com\/blog\/index.php?rest_route=\/wp\/v2\/posts\/63770\/revisions\/63783"}],"wp:attachment":[{"href":"https:\/\/historiadofutebol.com\/blog\/index.php?rest_route=%2Fwp%2Fv2%2Fmedia&parent=63770"}],"wp:term":[{"taxonomy":"category","embeddable":true,"href":"https:\/\/historiadofutebol.com\/blog\/index.php?rest_route=%2Fwp%2Fv2%2Fcategories&post=63770"},{"taxonomy":"post_tag","embeddable":true,"href":"https:\/\/historiadofutebol.com\/blog\/index.php?rest_route=%2Fwp%2Fv2%2Ftags&post=63770"}],"curies":[{"name":"wp","href":"https:\/\/api.w.org\/{rel}","templated":true}]}}