{"id":63752,"date":"2014-11-06T18:23:05","date_gmt":"2014-11-06T20:23:05","guid":{"rendered":"https:\/\/historiadofutebol.com\/blog\/?p=63752"},"modified":"2023-10-22T23:15:08","modified_gmt":"2023-10-23T02:15:08","slug":"o-esporte-clube-internacional-alenquer-pa","status":"publish","type":"post","link":"https:\/\/historiadofutebol.com\/blog\/?p=63752","title":{"rendered":"O Esporte clube Internacional &#8211; Alenquer (PA)"},"content":{"rendered":"<p><img loading=\"lazy\" decoding=\"async\" class=\"aligncenter size-large wp-image-63755\" src=\"https:\/\/historiadofutebol.com\/blog\/wp-content\/uploads\/2014\/11\/EC-Internacional-Alenquer-novo-421x500.jpg\" alt=\"\" width=\"421\" height=\"500\" srcset=\"https:\/\/historiadofutebol.com\/blog\/wp-content\/uploads\/2014\/11\/EC-Internacional-Alenquer-novo-421x500.jpg 421w, https:\/\/historiadofutebol.com\/blog\/wp-content\/uploads\/2014\/11\/EC-Internacional-Alenquer-novo-253x300.jpg 253w, https:\/\/historiadofutebol.com\/blog\/wp-content\/uploads\/2014\/11\/EC-Internacional-Alenquer-novo.jpg 900w\" sizes=\"auto, (max-width: 421px) 100vw, 421px\" \/><\/p>\n<p>Outra \u00a0agremia\u00e7\u00e3o da cidade de Alenquer (PA), que se aventurou no futebol profissional foi\u00a0<strong>Esporte <span style=\"color: #ff0000;\">clube<\/span> Internaciona<\/strong>l, na <span style=\"color: #800000;\"><strong><em>d\u00e9cada de 70<\/em><\/strong><\/span>. <strong><em>Fundado no s\u00e1bado, do dia 10 de Mar\u00e7o de 1956<\/em><\/strong>, a sua Sede fica localizada na Rua Visconde do Rio Branco, s\/n &#8211; no Bairro de Luanda, em Alenquer.<\/p>\n<div id=\"attachment_63753\" style=\"width: 510px\" class=\"wp-caption aligncenter\"><img loading=\"lazy\" decoding=\"async\" aria-describedby=\"caption-attachment-63753\" class=\"size-large wp-image-63753\" src=\"https:\/\/historiadofutebol.com\/blog\/wp-content\/uploads\/2014\/11\/Sede-Inter-Alenquer-500x315.jpg\" alt=\"\" width=\"500\" height=\"315\" srcset=\"https:\/\/historiadofutebol.com\/blog\/wp-content\/uploads\/2014\/11\/Sede-Inter-Alenquer-500x315.jpg 500w, https:\/\/historiadofutebol.com\/blog\/wp-content\/uploads\/2014\/11\/Sede-Inter-Alenquer-300x189.jpg 300w, https:\/\/historiadofutebol.com\/blog\/wp-content\/uploads\/2014\/11\/Sede-Inter-Alenquer.jpg 1024w\" sizes=\"auto, (max-width: 500px) 100vw, 500px\" \/><p id=\"caption-attachment-63753\" class=\"wp-caption-text\">Sede antiga do E.C. Inter de Alenquer<\/p><\/div>\n<p><strong>Hist\u00f3ria<\/strong><\/p>\n<p>O Inter de Alenquer surgiu por meio da insatisfa\u00e7\u00e3o de alguns s\u00f3cio do <span style=\"color: #0000ff;\"><strong>Uni\u00e3o Esportiva <em>(Fundado em 1923)<\/em><\/strong><\/span>, talvez por n\u00e3o aceitarem certas burocracias daquela \u00e9poca, como por exemplo: n\u00e3o entrava no clube negro, pobre, filhos de m\u00e3e solteira, o pr\u00f3prio jogador, entre outras arbitrariedades.<\/p>\n<p><img loading=\"lazy\" decoding=\"async\" class=\"aligncenter size-large wp-image-63790\" src=\"https:\/\/historiadofutebol.com\/blog\/wp-content\/uploads\/2014\/11\/00011-500x427.png\" alt=\"\" width=\"500\" height=\"427\" srcset=\"https:\/\/historiadofutebol.com\/blog\/wp-content\/uploads\/2014\/11\/00011-500x427.png 500w, https:\/\/historiadofutebol.com\/blog\/wp-content\/uploads\/2014\/11\/00011-300x256.png 300w, https:\/\/historiadofutebol.com\/blog\/wp-content\/uploads\/2014\/11\/00011.png 858w\" sizes=\"auto, (max-width: 500px) 100vw, 500px\" \/><\/p>\n<div class=\"mceTemp mceIEcenter\">\n<dl>\n<dt><strong>Fundadores:<\/strong><\/dt>\n<\/dl>\n<\/div>\n<p>G\u00e9rson Melo, Telegrafista daquele momento, Sr. Jacob Athias propriet\u00e1rio da Olaria Iacy, Sr. Cyro Salom\u00e3o, gerente da Casa Paysano, Sr. Juracy Cordeiro, Gerente da Casa Santo Ant\u00f4nio, Jos\u00e9 do Valle, funcion\u00e1rio do Fomento Agr\u00edcola, Sr. Juarez Amorim Rebello, Coletor federal, Sr. Benedito Monteiro.<\/p>\n<p><img loading=\"lazy\" decoding=\"async\" class=\"aligncenter size-large wp-image-63754\" src=\"https:\/\/historiadofutebol.com\/blog\/wp-content\/uploads\/2014\/11\/0001-213x500.png\" alt=\"\" width=\"213\" height=\"500\" srcset=\"https:\/\/historiadofutebol.com\/blog\/wp-content\/uploads\/2014\/11\/0001-213x500.png 213w, https:\/\/historiadofutebol.com\/blog\/wp-content\/uploads\/2014\/11\/0001-128x300.png 128w, https:\/\/historiadofutebol.com\/blog\/wp-content\/uploads\/2014\/11\/0001.png 329w\" sizes=\"auto, (max-width: 213px) 100vw, 213px\" \/><\/p>\n<p><span style=\"color: #ff0000;\"><strong>Estreia na elite do Paraense<\/strong><\/span><\/p>\n<p>O<span style=\"color: #ff0000;\"><strong><em> Inter de Alenquer<\/em><\/strong><\/span> debutou no Campeonato Paraense de 1977. O clube estava no Grupo C juntamente com o Comercial, Tuna Luso, Santar\u00e9m e Altamira. Foram tr\u00eas derrotas e um empate (1 a 1 com o Altamira), terminando na \u00faltima posi\u00e7\u00e3o da chave.<\/p>\n<p><img loading=\"lazy\" decoding=\"async\" class=\"aligncenter size-medium wp-image-63768\" src=\"https:\/\/historiadofutebol.com\/blog\/wp-content\/uploads\/2014\/11\/ECI-252x300.png\" alt=\"\" width=\"252\" height=\"300\" srcset=\"https:\/\/historiadofutebol.com\/blog\/wp-content\/uploads\/2014\/11\/ECI-252x300.png 252w, https:\/\/historiadofutebol.com\/blog\/wp-content\/uploads\/2014\/11\/ECI.png 268w\" sizes=\"auto, (max-width: 252px) 100vw, 252px\" \/><\/p>\n<p>O <strong><em><span style=\"color: #ff0000;\">Inter de Alenquer<\/span><\/em><\/strong> foi para uma repescagem, mas novamente n\u00e3o teve \u00eaxito! Derrotas para Liberal Castro (2 a 1); Santar\u00e9m (2 a 0) e Altamira (1 a 0) e a maior fa\u00e7anha: empate sem gols do o Club do Remo, que viria a conquistar o Paraense daquele ano.<\/p>\n<p><span style=\"color: #800000;\"><strong><em>Fontes:<\/em><\/strong><em> Rsssf Brasil &#8211; Beatriz do Valle (http:\/\/alenqueremos.com.br\/colunasbeatrizdovalle.php)<\/em><\/span><\/p>\n<p><span style=\"color: #800000;\"><strong><em>Foto:<\/em><\/strong><em> Acervo Digital IBGE<\/em><\/span><\/p>\n","protected":false},"excerpt":{"rendered":"<p>Outra \u00a0agremia\u00e7\u00e3o da cidade de Alenquer (PA), que se aventurou no futebol profissional foi\u00a0Esporte clube Internacional, na d\u00e9cada de 70. Fundado no s\u00e1bado, do dia 10 de Mar\u00e7o de 1956, a sua Sede fica localizada na Rua Visconde do Rio Branco, s\/n &#8211; no Bairro de Luanda, em Alenquer. Hist\u00f3ria O Inter de Alenquer surgiu [&hellip;]<\/p>\n","protected":false},"author":55,"featured_media":0,"comment_status":"open","ping_status":"closed","sticky":false,"template":"","format":"standard","meta":{"footnotes":""},"categories":[203,746,83,59,3,42],"tags":[],"class_list":["post-63752","post","type-post","status-publish","format-standard","hentry","category-sergio-mello","category-felipe-feitosa","category-x9-curiosidades","category-escudos","category-historia-do-futebol","category-para"],"_links":{"self":[{"href":"https:\/\/historiadofutebol.com\/blog\/index.php?rest_route=\/wp\/v2\/posts\/63752","targetHints":{"allow":["GET"]}}],"collection":[{"href":"https:\/\/historiadofutebol.com\/blog\/index.php?rest_route=\/wp\/v2\/posts"}],"about":[{"href":"https:\/\/historiadofutebol.com\/blog\/index.php?rest_route=\/wp\/v2\/types\/post"}],"author":[{"embeddable":true,"href":"https:\/\/historiadofutebol.com\/blog\/index.php?rest_route=\/wp\/v2\/users\/55"}],"replies":[{"embeddable":true,"href":"https:\/\/historiadofutebol.com\/blog\/index.php?rest_route=%2Fwp%2Fv2%2Fcomments&post=63752"}],"version-history":[{"count":8,"href":"https:\/\/historiadofutebol.com\/blog\/index.php?rest_route=\/wp\/v2\/posts\/63752\/revisions"}],"predecessor-version":[{"id":130717,"href":"https:\/\/historiadofutebol.com\/blog\/index.php?rest_route=\/wp\/v2\/posts\/63752\/revisions\/130717"}],"wp:attachment":[{"href":"https:\/\/historiadofutebol.com\/blog\/index.php?rest_route=%2Fwp%2Fv2%2Fmedia&parent=63752"}],"wp:term":[{"taxonomy":"category","embeddable":true,"href":"https:\/\/historiadofutebol.com\/blog\/index.php?rest_route=%2Fwp%2Fv2%2Fcategories&post=63752"},{"taxonomy":"post_tag","embeddable":true,"href":"https:\/\/historiadofutebol.com\/blog\/index.php?rest_route=%2Fwp%2Fv2%2Ftags&post=63752"}],"curies":[{"name":"wp","href":"https:\/\/api.w.org\/{rel}","templated":true}]}}