{"id":57764,"date":"2014-05-11T20:40:26","date_gmt":"2014-05-11T23:40:26","guid":{"rendered":"https:\/\/historiadofutebol.com\/blog\/?p=57764"},"modified":"2021-01-31T18:39:28","modified_gmt":"2021-01-31T21:39:28","slug":"sete-de-setembro-futebol-clube-vila-madalena-sao-paulo-sp","status":"publish","type":"post","link":"https:\/\/historiadofutebol.com\/blog\/?p=57764","title":{"rendered":"7 de Setembro Futebol Clube &#8211; Vila Madalena &#8211; S\u00e3o Paulo (SP)"},"content":{"rendered":"<p><img decoding=\"async\" class=\"aligncenter size-full wp-image-57765\" src=\"https:\/\/historiadofutebol.com\/blog\/wp-content\/uploads\/2014\/05\/7-de-Setembro.bmp\" alt=\"\" \/><\/p>\n<p><img loading=\"lazy\" decoding=\"async\" src=\"https:\/\/historiadofutebol.com\/blog\/wp-content\/uploads\/2014\/05\/unnamed5.jpg\" alt=\"\" width=\"702\" height=\"438\" \/><\/p>\n<p>O <strong>Sete de Setembro Futebol Clube<\/strong> \u00e9 uma agremia\u00e7\u00e3o da cidade de S\u00e3o Paulo (SP). <strong><em>Fundado na quinta-feira, do dia 07 de Setembro de 1944<\/em><\/strong>. A sua <strong><em>Sede<\/em> <\/strong>estabelecida no <strong><em>bairro da Vila Madalena, na Zona Oeste da capital paulista<\/em><\/strong>.<\/p>\n<p><em><strong>P.S:\u00a0<\/strong> Z\u00e9 Leiteiro &#8211; lend\u00e1rio t\u00e9cnico do Sete de Setembro<\/em><\/p>\n<p><em><strong>FONTE:<\/strong> Samuel S. Polonio<\/em><\/p>\n","protected":false},"excerpt":{"rendered":"<p>O Sete de Setembro Futebol Clube \u00e9 uma agremia\u00e7\u00e3o da cidade de S\u00e3o Paulo (SP). Fundado na quinta-feira, do dia 07 de Setembro de 1944. A sua Sede estabelecida no bairro da Vila Madalena, na Zona Oeste da capital paulista. P.S:\u00a0 Z\u00e9 Leiteiro &#8211; lend\u00e1rio t\u00e9cnico do Sete de Setembro FONTE: Samuel S. Polonio<\/p>\n","protected":false},"author":55,"featured_media":0,"comment_status":"open","ping_status":"closed","sticky":false,"template":"","format":"standard","meta":{"footnotes":""},"categories":[203,189,59,118,3,51],"tags":[],"class_list":["post-57764","post","type-post","status-publish","format-standard","hentry","category-sergio-mello","category-toninho-sereno","category-escudos","category-futebol-amador-varzeano","category-historia-do-futebol","category-sao-paulo"],"_links":{"self":[{"href":"https:\/\/historiadofutebol.com\/blog\/index.php?rest_route=\/wp\/v2\/posts\/57764","targetHints":{"allow":["GET"]}}],"collection":[{"href":"https:\/\/historiadofutebol.com\/blog\/index.php?rest_route=\/wp\/v2\/posts"}],"about":[{"href":"https:\/\/historiadofutebol.com\/blog\/index.php?rest_route=\/wp\/v2\/types\/post"}],"author":[{"embeddable":true,"href":"https:\/\/historiadofutebol.com\/blog\/index.php?rest_route=\/wp\/v2\/users\/55"}],"replies":[{"embeddable":true,"href":"https:\/\/historiadofutebol.com\/blog\/index.php?rest_route=%2Fwp%2Fv2%2Fcomments&post=57764"}],"version-history":[{"count":7,"href":"https:\/\/historiadofutebol.com\/blog\/index.php?rest_route=\/wp\/v2\/posts\/57764\/revisions"}],"predecessor-version":[{"id":124223,"href":"https:\/\/historiadofutebol.com\/blog\/index.php?rest_route=\/wp\/v2\/posts\/57764\/revisions\/124223"}],"wp:attachment":[{"href":"https:\/\/historiadofutebol.com\/blog\/index.php?rest_route=%2Fwp%2Fv2%2Fmedia&parent=57764"}],"wp:term":[{"taxonomy":"category","embeddable":true,"href":"https:\/\/historiadofutebol.com\/blog\/index.php?rest_route=%2Fwp%2Fv2%2Fcategories&post=57764"},{"taxonomy":"post_tag","embeddable":true,"href":"https:\/\/historiadofutebol.com\/blog\/index.php?rest_route=%2Fwp%2Fv2%2Ftags&post=57764"}],"curies":[{"name":"wp","href":"https:\/\/api.w.org\/{rel}","templated":true}]}}