{"id":57398,"date":"2014-04-21T18:35:16","date_gmt":"2014-04-21T21:35:16","guid":{"rendered":"https:\/\/historiadofutebol.com\/blog\/?p=57398"},"modified":"2020-12-29T19:48:40","modified_gmt":"2020-12-29T22:48:40","slug":"sergio-gomes-agua-rasa-sao-paulo-sp","status":"publish","type":"post","link":"https:\/\/historiadofutebol.com\/blog\/?p=57398","title":{"rendered":"S\u00c9RGIO GOMES &#8211; \u00c1GUA RASA &#8211; S\u00c3O PAULO &#8211; SP"},"content":{"rendered":"<p><img loading=\"lazy\" decoding=\"async\" class=\"aligncenter size-large wp-image-57399\" src=\"https:\/\/historiadofutebol.com\/blog\/wp-content\/uploads\/2014\/04\/0002-500x382.jpg\" alt=\"\" width=\"500\" height=\"382\" srcset=\"https:\/\/historiadofutebol.com\/blog\/wp-content\/uploads\/2014\/04\/0002-500x382.jpg 500w, https:\/\/historiadofutebol.com\/blog\/wp-content\/uploads\/2014\/04\/0002-300x229.jpg 300w, https:\/\/historiadofutebol.com\/blog\/wp-content\/uploads\/2014\/04\/0002.jpg 696w\" sizes=\"auto, (max-width: 500px) 100vw, 500px\" \/><\/p>\n<p><img loading=\"lazy\" decoding=\"async\" class=\"aligncenter size-large wp-image-57400\" src=\"https:\/\/historiadofutebol.com\/blog\/wp-content\/uploads\/2014\/04\/036a-500x419.jpg\" alt=\"\" width=\"500\" height=\"419\" srcset=\"https:\/\/historiadofutebol.com\/blog\/wp-content\/uploads\/2014\/04\/036a-500x419.jpg 500w, https:\/\/historiadofutebol.com\/blog\/wp-content\/uploads\/2014\/04\/036a-300x251.jpg 300w, https:\/\/historiadofutebol.com\/blog\/wp-content\/uploads\/2014\/04\/036a.jpg 793w\" sizes=\"auto, (max-width: 500px) 100vw, 500px\" \/><\/p>\n<p>S\u00c9RGIO GOMES \u2013 Iniciou carreira atuando no gol do Central F.C. e no gol do Santos F.C., ambos da \u00c1gua Rasa.<\/p>\n<p>Como profissional, atuou pelo Guarani F.C. de Campinas, Cear\u00e1 S.C., Paysand\u00fa S.C. de Bel\u00e9m-PA, Moto Club de S\u00e3o Lu\u00eds-MA e Mixto E.C. de Cuiab\u00e1-MT.<\/p>\n<p>Em 1986 retorna para S\u00e3o Paulo e defende as cores do E.C. Primavera de Indaiatuba, A.A. Internacional de Bebedouro, C.A. Bragantino de Bragan\u00e7a Paulista, Paulista F.C. de Jundia\u00ed e o Estrela F.C. de Itu. Em 1989 encerra a carreira atuando como goleiro do Fernand\u00f3polis F.C.<\/p>\n<p>Foi o \u00faltimo goleiro a sofrer um gol de Pel\u00e9, com a camisa do Santos F.C. S\u00e9rgio Gomes jogava pelo Guarani F.C. e a partida terminou 2 x 2. O jogo foi realizado no dia 22 de setembro de 1974 no Est\u00e1dio Brinco de Ouro da Princesa, em Campinas, em partida v\u00e1lida pelo segundo turno do campeonato paulista daquele ano. Pel\u00e9 fez os dois gols para o Santos F.C. e Flamarion e Amilton Rocha, marcaram para o Guarani.<\/p>\n<p><em><strong>FONTE:<\/strong> Waldevir Bernardo, o Vie do site boleirosdaaguarasa<\/em><\/p>\n","protected":false},"excerpt":{"rendered":"<p>S\u00c9RGIO GOMES \u2013 Iniciou carreira atuando no gol do Central F.C. e no gol do Santos F.C., ambos da \u00c1gua Rasa. Como profissional, atuou pelo Guarani F.C. de Campinas, Cear\u00e1 S.C., Paysand\u00fa S.C. de Bel\u00e9m-PA, Moto Club de S\u00e3o Lu\u00eds-MA e Mixto E.C. de Cuiab\u00e1-MT. Em 1986 retorna para S\u00e3o Paulo e defende as cores [&hellip;]<\/p>\n","protected":false},"author":47,"featured_media":0,"comment_status":"open","ping_status":"closed","sticky":false,"template":"","format":"standard","meta":{"footnotes":""},"categories":[189,118,3],"tags":[],"class_list":["post-57398","post","type-post","status-publish","format-standard","hentry","category-toninho-sereno","category-futebol-amador-varzeano","category-historia-do-futebol"],"_links":{"self":[{"href":"https:\/\/historiadofutebol.com\/blog\/index.php?rest_route=\/wp\/v2\/posts\/57398","targetHints":{"allow":["GET"]}}],"collection":[{"href":"https:\/\/historiadofutebol.com\/blog\/index.php?rest_route=\/wp\/v2\/posts"}],"about":[{"href":"https:\/\/historiadofutebol.com\/blog\/index.php?rest_route=\/wp\/v2\/types\/post"}],"author":[{"embeddable":true,"href":"https:\/\/historiadofutebol.com\/blog\/index.php?rest_route=\/wp\/v2\/users\/47"}],"replies":[{"embeddable":true,"href":"https:\/\/historiadofutebol.com\/blog\/index.php?rest_route=%2Fwp%2Fv2%2Fcomments&post=57398"}],"version-history":[{"count":3,"href":"https:\/\/historiadofutebol.com\/blog\/index.php?rest_route=\/wp\/v2\/posts\/57398\/revisions"}],"predecessor-version":[{"id":123202,"href":"https:\/\/historiadofutebol.com\/blog\/index.php?rest_route=\/wp\/v2\/posts\/57398\/revisions\/123202"}],"wp:attachment":[{"href":"https:\/\/historiadofutebol.com\/blog\/index.php?rest_route=%2Fwp%2Fv2%2Fmedia&parent=57398"}],"wp:term":[{"taxonomy":"category","embeddable":true,"href":"https:\/\/historiadofutebol.com\/blog\/index.php?rest_route=%2Fwp%2Fv2%2Fcategories&post=57398"},{"taxonomy":"post_tag","embeddable":true,"href":"https:\/\/historiadofutebol.com\/blog\/index.php?rest_route=%2Fwp%2Fv2%2Ftags&post=57398"}],"curies":[{"name":"wp","href":"https:\/\/api.w.org\/{rel}","templated":true}]}}