{"id":57383,"date":"2014-04-21T18:24:15","date_gmt":"2014-04-21T21:24:15","guid":{"rendered":"https:\/\/historiadofutebol.com\/blog\/?p=57383"},"modified":"2016-07-02T19:51:56","modified_gmt":"2016-07-02T22:51:56","slug":"gremio-desportivo-e-recreativo-sete-de-setembro-agua-rasa-sao-paulo-sp","status":"publish","type":"post","link":"https:\/\/historiadofutebol.com\/blog\/?p=57383","title":{"rendered":"Gr\u00eamio Desportivo e Recreativo Sete de Setembro, de \u00c1gua Rasa &#8211; S\u00e3o Paulo (SP)"},"content":{"rendered":"<p><img decoding=\"async\" class=\"aligncenter size-full wp-image-57384\" src=\"https:\/\/historiadofutebol.com\/blog\/wp-content\/uploads\/2014\/04\/SETE-DE-SETEMBRO.bmp\" alt=\"\" \/><\/p>\n<p><img loading=\"lazy\" decoding=\"async\" class=\"aligncenter size-large wp-image-57385\" src=\"https:\/\/historiadofutebol.com\/blog\/wp-content\/uploads\/2014\/04\/1952b-500x376.jpg\" alt=\"\" width=\"500\" height=\"376\" srcset=\"https:\/\/historiadofutebol.com\/blog\/wp-content\/uploads\/2014\/04\/1952b-500x376.jpg 500w, https:\/\/historiadofutebol.com\/blog\/wp-content\/uploads\/2014\/04\/1952b-300x225.jpg 300w, https:\/\/historiadofutebol.com\/blog\/wp-content\/uploads\/2014\/04\/1952b.jpg 797w\" sizes=\"auto, (max-width: 500px) 100vw, 500px\" \/><\/p>\n<p><img loading=\"lazy\" decoding=\"async\" class=\"aligncenter size-large wp-image-57386\" src=\"https:\/\/historiadofutebol.com\/blog\/wp-content\/uploads\/2014\/04\/1952D-500x369.jpg\" alt=\"\" width=\"500\" height=\"369\" srcset=\"https:\/\/historiadofutebol.com\/blog\/wp-content\/uploads\/2014\/04\/1952D-500x369.jpg 500w, https:\/\/historiadofutebol.com\/blog\/wp-content\/uploads\/2014\/04\/1952D-300x221.jpg 300w, https:\/\/historiadofutebol.com\/blog\/wp-content\/uploads\/2014\/04\/1952D.jpg 811w\" sizes=\"auto, (max-width: 500px) 100vw, 500px\" \/><\/p>\n<p><img loading=\"lazy\" decoding=\"async\" class=\"aligncenter size-large wp-image-57387\" src=\"https:\/\/historiadofutebol.com\/blog\/wp-content\/uploads\/2014\/04\/037b-500x373.jpg\" alt=\"\" width=\"500\" height=\"373\" srcset=\"https:\/\/historiadofutebol.com\/blog\/wp-content\/uploads\/2014\/04\/037b-500x373.jpg 500w, https:\/\/historiadofutebol.com\/blog\/wp-content\/uploads\/2014\/04\/037b-300x224.jpg 300w, https:\/\/historiadofutebol.com\/blog\/wp-content\/uploads\/2014\/04\/037b.jpg 723w\" sizes=\"auto, (max-width: 500px) 100vw, 500px\" \/><\/p>\n<p><img loading=\"lazy\" decoding=\"async\" class=\"aligncenter size-large wp-image-57388\" src=\"https:\/\/historiadofutebol.com\/blog\/wp-content\/uploads\/2014\/04\/037c-500x373.jpg\" alt=\"\" width=\"500\" height=\"373\" srcset=\"https:\/\/historiadofutebol.com\/blog\/wp-content\/uploads\/2014\/04\/037c-500x373.jpg 500w, https:\/\/historiadofutebol.com\/blog\/wp-content\/uploads\/2014\/04\/037c-300x224.jpg 300w, https:\/\/historiadofutebol.com\/blog\/wp-content\/uploads\/2014\/04\/037c.jpg 723w\" sizes=\"auto, (max-width: 500px) 100vw, 500px\" \/><\/p>\n<p>&nbsp;<\/p>\n<p>GR\u00caMIO DESPORTIVO E RECREATIVO SETE DE SETEMBRO<\/p>\n<p>Funda\u00e7\u00e3o: 7 de Setembro de 1931<\/p>\n<p>Cores: vermelho, preto e branco<\/p>\n<p>Sede: Rua Bom Jesus, 599 \u2013 \u00c1gua Rasa<\/p>\n<p>Est\u00e1dio: Entrada 1 \u2013 Rua Bom Jesus, 707<\/p>\n<p>Entrada 2 \u2013 Rua Maria Adelaide, 88<\/p>\n<p>Fundado por dez ex-diretores do Esporte Clube Regente Feij\u00f3. A saber: Antonio Lopes Raposo, Jos\u00e9 Gattis, Jos\u00e9 Balbino R. da Silva, Manoel Lopes, Arthur Lino Casemiro, Miguel Bersani, Jo\u00e3o Reis de Almeida, Izidro da Costa, Sebasti\u00e3o Ferreira e Antonio Augusto.<\/p>\n<p>Sua primeira partida ocorreu na data de 10 de abril de 1932. O advers\u00e1rio foi a equipe do Bonde Futebol Clube e o resultado final 1&#215;1.<\/p>\n<p>Pouco tempo depois o Sete de Setembro sagrou-se campe\u00e3o do torneio promovido pelo jornal \u201cO Dia\u201d. E desde ent\u00e3o vem acumulando uma infinidade de t\u00edtulos.<\/p>\n<p>Por duas vezes o Sete de Setembro sagrou-se bicampe\u00e3o varzeano da Liga Duque de Caxias. O primeiro bicampeonato aconteceu nos anos 1941\/1942 e o segundo bicampeonato nos anos 1945\/1946.<\/p>\n<p>Fonte:<\/p>\n<p>Waldevir Bernardo, o Vie do site boleirosdaaguarasa<\/p>\n<p>Site do clube<\/p>\n","protected":false},"excerpt":{"rendered":"<p>&nbsp; GR\u00caMIO DESPORTIVO E RECREATIVO SETE DE SETEMBRO Funda\u00e7\u00e3o: 7 de Setembro de 1931 Cores: vermelho, preto e branco Sede: Rua Bom Jesus, 599 \u2013 \u00c1gua Rasa Est\u00e1dio: Entrada 1 \u2013 Rua Bom Jesus, 707 Entrada 2 \u2013 Rua Maria Adelaide, 88 Fundado por dez ex-diretores do Esporte Clube Regente Feij\u00f3. A saber: Antonio Lopes [&hellip;]<\/p>\n","protected":false},"author":47,"featured_media":0,"comment_status":"open","ping_status":"closed","sticky":false,"template":"","format":"standard","meta":{"footnotes":""},"categories":[203,189,59,118,73,51],"tags":[],"class_list":["post-57383","post","type-post","status-publish","format-standard","hentry","category-sergio-mello","category-toninho-sereno","category-escudos","category-futebol-amador-varzeano","category-f5-clubes-e-suas-historias-nacional","category-sao-paulo"],"_links":{"self":[{"href":"https:\/\/historiadofutebol.com\/blog\/index.php?rest_route=\/wp\/v2\/posts\/57383","targetHints":{"allow":["GET"]}}],"collection":[{"href":"https:\/\/historiadofutebol.com\/blog\/index.php?rest_route=\/wp\/v2\/posts"}],"about":[{"href":"https:\/\/historiadofutebol.com\/blog\/index.php?rest_route=\/wp\/v2\/types\/post"}],"author":[{"embeddable":true,"href":"https:\/\/historiadofutebol.com\/blog\/index.php?rest_route=\/wp\/v2\/users\/47"}],"replies":[{"embeddable":true,"href":"https:\/\/historiadofutebol.com\/blog\/index.php?rest_route=%2Fwp%2Fv2%2Fcomments&post=57383"}],"version-history":[{"count":5,"href":"https:\/\/historiadofutebol.com\/blog\/index.php?rest_route=\/wp\/v2\/posts\/57383\/revisions"}],"predecessor-version":[{"id":91296,"href":"https:\/\/historiadofutebol.com\/blog\/index.php?rest_route=\/wp\/v2\/posts\/57383\/revisions\/91296"}],"wp:attachment":[{"href":"https:\/\/historiadofutebol.com\/blog\/index.php?rest_route=%2Fwp%2Fv2%2Fmedia&parent=57383"}],"wp:term":[{"taxonomy":"category","embeddable":true,"href":"https:\/\/historiadofutebol.com\/blog\/index.php?rest_route=%2Fwp%2Fv2%2Fcategories&post=57383"},{"taxonomy":"post_tag","embeddable":true,"href":"https:\/\/historiadofutebol.com\/blog\/index.php?rest_route=%2Fwp%2Fv2%2Ftags&post=57383"}],"curies":[{"name":"wp","href":"https:\/\/api.w.org\/{rel}","templated":true}]}}