{"id":57259,"date":"2014-04-18T01:21:50","date_gmt":"2014-04-18T04:21:50","guid":{"rendered":"https:\/\/historiadofutebol.com\/blog\/?p=57259"},"modified":"2014-04-18T11:24:54","modified_gmt":"2014-04-18T14:24:54","slug":"as-sedes-das-selecoes-na-copa-do-brasil","status":"publish","type":"post","link":"https:\/\/historiadofutebol.com\/blog\/?p=57259","title":{"rendered":"As sedes das sele\u00e7\u00f5es na Copa do Brasil"},"content":{"rendered":"<p>AM\u00c9RICA DO SUL<\/p>\n<p>Brasil &#8211; Rio de Janeiro-RJ (Granja Comary)<br \/>\nArgentina &#8211; Belo Horizonte-MG<br \/>\nCol\u00f4mbia &#8211; CFA do S\u00e3o Paulo (Cotia-SP)<br \/>\nChile &#8211; Belo Horizonte-MG<br \/>\nUruguai &#8211; Sete Lagoas-MG<\/p>\n<p>AM\u00c9RICA DO NORTE E CENTRAL<\/p>\n<p>Estados Unidos &#8211; CT do S\u00e3o Paulo (S\u00e3o Paulo-SP)<br \/>\nM\u00e9xico &#8211; CT do Santos (Santos-SP)<br \/>\nHonduras &#8211; Porto Feliz-SP<br \/>\nCosta Rica &#8211; Santos-SP<\/p>\n<p>EUROPA<\/p>\n<p>Alemanha &#8211; CT pr\u00f3prio (Santa Cruz de Cabr\u00e1lia-BA)<br \/>\nR\u00fassia &#8211; Itu-SP<br \/>\nHolanda &#8211; CT da G\u00e1vea (Rio de Janeiro-RJ)<br \/>\nEspanha &#8211; CT do Atl\u00e9tico-PR (Curitiba-PR)<br \/>\nSu\u00ed\u00e7a- Porto Seguro-BA<br \/>\nFran\u00e7a &#8211; Est\u00e1dio Santa Cruz (Ribeir\u00e3o Preto-SP)<br \/>\nPortugal &#8211; CT da Ponte Preta e Mois\u00e9s Lucarelli (Campinas &#8211; SP)<br \/>\nCro\u00e1cia &#8211; Salvador-BA<br \/>\nIt\u00e1lia &#8211; Mangaratiba-RJ<br \/>\nGr\u00e9cia &#8211; Aracaju-SE<br \/>\nB\u00f3snia &#8211; Guaruj\u00e1-SP<br \/>\nB\u00e9lgica &#8211; Mogi das Cruzes-SP<br \/>\nInglaterra &#8211; Rio de Janeiro-RJ<\/p>\n<p>\u00c1FRICA<\/p>\n<p>Camar\u00f5es &#8211; Vit\u00f3ria-ES<br \/>\nNig\u00e9ria &#8211; Campinas-SP<br \/>\nGana &#8211; Macei\u00f3-AL<br \/>\nCosta do Marfim &#8211; \u00c1guas de Lind\u00f3ia-SP<br \/>\nArg\u00e9lia &#8211; Sorocaba-SP<\/p>\n<p>\u00c1SIA<\/p>\n<p>Ir\u00e3 &#8211; CT Joaquim Grava (S\u00e3o Paulo-SP)<br \/>\nCor\u00e9ia do Sul &#8211; Foz do Igua\u00e7u-PR<br \/>\nJap\u00e3o &#8211; Itu-SP<br \/>\nAustr\u00e1lia &#8211; Vit\u00f3ria-ES<\/p>\n","protected":false},"excerpt":{"rendered":"<p>AM\u00c9RICA DO SUL Brasil &#8211; Rio de Janeiro-RJ (Granja Comary) Argentina &#8211; Belo Horizonte-MG Col\u00f4mbia &#8211; CFA do S\u00e3o Paulo (Cotia-SP) Chile &#8211; Belo Horizonte-MG Uruguai &#8211; Sete Lagoas-MG AM\u00c9RICA DO NORTE E CENTRAL Estados Unidos &#8211; CT do S\u00e3o Paulo (S\u00e3o Paulo-SP) M\u00e9xico &#8211; CT do Santos (Santos-SP) Honduras &#8211; Porto Feliz-SP Costa Rica [&hellip;]<\/p>\n","protected":false},"author":33,"featured_media":0,"comment_status":"open","ping_status":"closed","sticky":false,"template":"","format":"standard","meta":{"footnotes":""},"categories":[111,3],"tags":[],"class_list":["post-57259","post","type-post","status-publish","format-standard","hentry","category-ricardo-amaral","category-historia-do-futebol"],"_links":{"self":[{"href":"https:\/\/historiadofutebol.com\/blog\/index.php?rest_route=\/wp\/v2\/posts\/57259","targetHints":{"allow":["GET"]}}],"collection":[{"href":"https:\/\/historiadofutebol.com\/blog\/index.php?rest_route=\/wp\/v2\/posts"}],"about":[{"href":"https:\/\/historiadofutebol.com\/blog\/index.php?rest_route=\/wp\/v2\/types\/post"}],"author":[{"embeddable":true,"href":"https:\/\/historiadofutebol.com\/blog\/index.php?rest_route=\/wp\/v2\/users\/33"}],"replies":[{"embeddable":true,"href":"https:\/\/historiadofutebol.com\/blog\/index.php?rest_route=%2Fwp%2Fv2%2Fcomments&post=57259"}],"version-history":[{"count":3,"href":"https:\/\/historiadofutebol.com\/blog\/index.php?rest_route=\/wp\/v2\/posts\/57259\/revisions"}],"predecessor-version":[{"id":57262,"href":"https:\/\/historiadofutebol.com\/blog\/index.php?rest_route=\/wp\/v2\/posts\/57259\/revisions\/57262"}],"wp:attachment":[{"href":"https:\/\/historiadofutebol.com\/blog\/index.php?rest_route=%2Fwp%2Fv2%2Fmedia&parent=57259"}],"wp:term":[{"taxonomy":"category","embeddable":true,"href":"https:\/\/historiadofutebol.com\/blog\/index.php?rest_route=%2Fwp%2Fv2%2Fcategories&post=57259"},{"taxonomy":"post_tag","embeddable":true,"href":"https:\/\/historiadofutebol.com\/blog\/index.php?rest_route=%2Fwp%2Fv2%2Ftags&post=57259"}],"curies":[{"name":"wp","href":"https:\/\/api.w.org\/{rel}","templated":true}]}}