{"id":56321,"date":"2014-02-28T18:56:01","date_gmt":"2014-02-28T21:56:01","guid":{"rendered":"https:\/\/historiadofutebol.com\/blog\/?p=56321"},"modified":"2025-01-25T17:53:02","modified_gmt":"2025-01-25T20:53:02","slug":"um-novo-membro-fernando-alecio","status":"publish","type":"post","link":"https:\/\/historiadofutebol.com\/blog\/?p=56321","title":{"rendered":"Novo Membro &#8211; Fernando Al\u00e9cio"},"content":{"rendered":"<p>Amigos do Blog,<\/p>\n<p>Tomei a liberdade de inserir este post com os dados do amigo Fernando Al\u00e9cio, de Itaja\u00ed\/SC que acaba de lan\u00e7ar um livro contando a trajet\u00f3ria do Marc\u00edlio Dias na conquista do campeonato de 1963.<\/p>\n<p>Tamb\u00e9m fiz o convite para ele se juntar a n\u00f3s e de imediato ele aceitou, portanto pe\u00e7o ao amigo Ricardo Amaral que entre em contato com ele para dar as explica\u00e7\u00f5es de como inserir material do futebol catarinense em nosso blog.<\/p>\n<p>O email dele \u00e9 fernando.alecio@gmail.com<\/p>\n<p><a href=\"https:\/\/historiadofutebol.com\/blog\/?attachment_id=56322\" rel=\"attachment wp-att-56322\"><img loading=\"lazy\" decoding=\"async\" class=\"aligncenter size-medium wp-image-56322\" title=\"capa divulgacao\" src=\"https:\/\/historiadofutebol.com\/blog\/wp-content\/uploads\/2014\/02\/capa-divulgacao-193x300.jpg\" alt=\"\" width=\"193\" height=\"300\" srcset=\"https:\/\/historiadofutebol.com\/blog\/wp-content\/uploads\/2014\/02\/capa-divulgacao-193x300.jpg 193w, https:\/\/historiadofutebol.com\/blog\/wp-content\/uploads\/2014\/02\/capa-divulgacao-323x500.jpg 323w, https:\/\/historiadofutebol.com\/blog\/wp-content\/uploads\/2014\/02\/capa-divulgacao.jpg 544w\" sizes=\"auto, (max-width: 193px) 100vw, 193px\" \/><\/a><\/p>\n","protected":false},"excerpt":{"rendered":"<p>Amigos do Blog, Tomei a liberdade de inserir este post com os dados do amigo Fernando Al\u00e9cio, de Itaja\u00ed\/SC que acaba de lan\u00e7ar um livro contando a trajet\u00f3ria do Marc\u00edlio Dias na conquista do campeonato de 1963. Tamb\u00e9m fiz o convite para ele se juntar a n\u00f3s e de imediato ele aceitou, portanto pe\u00e7o ao [&hellip;]<\/p>\n","protected":false},"author":55,"featured_media":0,"comment_status":"open","ping_status":"closed","sticky":false,"template":"","format":"standard","meta":{"footnotes":""},"categories":[203,68,50],"tags":[],"class_list":["post-56321","post","type-post","status-publish","format-standard","hentry","category-sergio-mello","category-blog-historia-do-futebol","category-santa-catarina"],"_links":{"self":[{"href":"https:\/\/historiadofutebol.com\/blog\/index.php?rest_route=\/wp\/v2\/posts\/56321","targetHints":{"allow":["GET"]}}],"collection":[{"href":"https:\/\/historiadofutebol.com\/blog\/index.php?rest_route=\/wp\/v2\/posts"}],"about":[{"href":"https:\/\/historiadofutebol.com\/blog\/index.php?rest_route=\/wp\/v2\/types\/post"}],"author":[{"embeddable":true,"href":"https:\/\/historiadofutebol.com\/blog\/index.php?rest_route=\/wp\/v2\/users\/55"}],"replies":[{"embeddable":true,"href":"https:\/\/historiadofutebol.com\/blog\/index.php?rest_route=%2Fwp%2Fv2%2Fcomments&post=56321"}],"version-history":[{"count":4,"href":"https:\/\/historiadofutebol.com\/blog\/index.php?rest_route=\/wp\/v2\/posts\/56321\/revisions"}],"predecessor-version":[{"id":58594,"href":"https:\/\/historiadofutebol.com\/blog\/index.php?rest_route=\/wp\/v2\/posts\/56321\/revisions\/58594"}],"wp:attachment":[{"href":"https:\/\/historiadofutebol.com\/blog\/index.php?rest_route=%2Fwp%2Fv2%2Fmedia&parent=56321"}],"wp:term":[{"taxonomy":"category","embeddable":true,"href":"https:\/\/historiadofutebol.com\/blog\/index.php?rest_route=%2Fwp%2Fv2%2Fcategories&post=56321"},{"taxonomy":"post_tag","embeddable":true,"href":"https:\/\/historiadofutebol.com\/blog\/index.php?rest_route=%2Fwp%2Fv2%2Ftags&post=56321"}],"curies":[{"name":"wp","href":"https:\/\/api.w.org\/{rel}","templated":true}]}}