{"id":55615,"date":"2014-01-29T00:43:06","date_gmt":"2014-01-29T02:43:06","guid":{"rendered":"https:\/\/historiadofutebol.com\/blog\/?p=55615"},"modified":"2014-01-29T00:49:28","modified_gmt":"2014-01-29T02:49:28","slug":"arena-das-dunas-inaugurado-parte-2-com-gols","status":"publish","type":"post","link":"https:\/\/historiadofutebol.com\/blog\/?p=55615","title":{"rendered":"Arena das Dunas inaugurado, Parte 2 &#8211; Com gols"},"content":{"rendered":"<p><a href=\"https:\/\/historiadofutebol.com\/blog\/?attachment_id=55616\" rel=\"attachment wp-att-55616\"><img loading=\"lazy\" decoding=\"async\" class=\"aligncenter size-full wp-image-55616\" title=\"arena2\" src=\"https:\/\/historiadofutebol.com\/blog\/wp-content\/uploads\/2014\/01\/arena2.jpg\" alt=\"\" width=\"360\" height=\"211\" \/><\/a><\/p>\n<p>&nbsp;<\/p>\n<p style=\"text-align: justify;\">O est\u00e1dio Arena das Dunas inaugurado oficialmente em 22 de janeiro, teve a inaugura\u00e7\u00e3o de fato no domingo 26 de janeiro com o Am\u00e9rica enfrentando o Confian\u00e7a\/SE, pela Copa do Nordeste. A partida n\u00e3o foi f\u00e1cil, mas no fim o Am\u00e9rica conquistou os tr\u00eas pontos e sua primeira vit\u00f3ria na Arena das Dunas. Adalberto e Adriano Pardal marcaram para o alvi rrubro. Am\u00e9rica 2 a 0.<\/p>\n<p style=\"text-align: justify;\"><a href=\"https:\/\/historiadofutebol.com\/blog\/?attachment_id=55618\" rel=\"attachment wp-att-55618\"><img loading=\"lazy\" decoding=\"async\" class=\"alignleft size-full wp-image-55618\" title=\"Adal A\" src=\"https:\/\/historiadofutebol.com\/blog\/wp-content\/uploads\/2014\/01\/Adal-A.jpg\" alt=\"\" width=\"208\" height=\"124\" \/><\/a>O primeiro gol do estadio coube ao zagueiro\u00a0 Adalberto \u201cAdalberto Hil\u00e1rio Ferreira Neto\u201d, nascido em Juiz de Fora-MG, 26 anos, come\u00e7ou a jogar profissionalmente em 2006 no Am\u00e9rica Mineiro e antes de se transferir para o Am\u00e9rica de Natal, estava no Betim-MG.<\/p>\n<p><strong>Ficha do jogo:<\/strong><\/p>\n<p style=\"text-align: justify;\"><strong>Am\u00e9rica 2&#215;0 Confian\u00e7a\/SE<\/strong><\/p>\n<p>Copa do Nordeste<\/p>\n<p>Est\u00e1dio: Arena das Dunas, Natal<\/p>\n<p>Arbitragem: \u00c9der Caxias Meneses\/PB<\/p>\n<p>Gols: Adalberto (26&#8217;\/2\u00baT) e Adriano Pardal (46&#8217;\/2\u00baT)<\/p>\n<p>Am\u00e9rica: Andrey; Adalberto, Edson Rocha e Cl\u00e9ber; Fabinho, M\u00e1rcio Passos, Jean Cl\u00e9ber, Rafinha (Rubinho) e Ra\u00ed (R\u00e9gis Potiguar); Adriano Pardal e Alfredo (Isac). T\u00e9cnico: Leandro Sena<\/p>\n<p>Confian\u00e7a: Beto; Gl\u00e1uber, Henrique, Bira e Pedrinho; Valdo, Raulino, Josivan e Geraldo; Bibi e Philco.<\/p>\n<p><a href=\"https:\/\/historiadofutebol.com\/blog\/?attachment_id=55624\" rel=\"attachment wp-att-55624\"><img loading=\"lazy\" decoding=\"async\" class=\"aligncenter size-full wp-image-55624\" title=\"arena4\" src=\"https:\/\/historiadofutebol.com\/blog\/wp-content\/uploads\/2014\/01\/arena4.jpg\" alt=\"\" width=\"319\" height=\"183\" \/><\/a><\/p>\n<p style=\"text-align: justify;\">No segundo da rodada, o ABC jogou com o Alecrim pelo Campeonato Potiguar e venceu por 2&#215;0 com gols de Beto e Lucio Flavio.<\/p>\n<p>fonte: <a href=\"http:\/\/futguar-futebolpotiguar.blogspot.com.br\/\">http:\/\/futguar-futebolpotiguar.blogspot.com.br\/<\/a><\/p>\n<p>&nbsp;<\/p>\n","protected":false},"excerpt":{"rendered":"<p>&nbsp; O est\u00e1dio Arena das Dunas inaugurado oficialmente em 22 de janeiro, teve a inaugura\u00e7\u00e3o de fato no domingo 26 de janeiro com o Am\u00e9rica enfrentando o Confian\u00e7a\/SE, pela Copa do Nordeste. A partida n\u00e3o foi f\u00e1cil, mas no fim o Am\u00e9rica conquistou os tr\u00eas pontos e sua primeira vit\u00f3ria na Arena das Dunas. Adalberto [&hellip;]<\/p>\n","protected":false},"author":33,"featured_media":0,"comment_status":"open","ping_status":"closed","sticky":false,"template":"","format":"standard","meta":{"footnotes":""},"categories":[111,45],"tags":[],"class_list":["post-55615","post","type-post","status-publish","format-standard","hentry","category-ricardo-amaral","category-rg-do-norte"],"_links":{"self":[{"href":"https:\/\/historiadofutebol.com\/blog\/index.php?rest_route=\/wp\/v2\/posts\/55615","targetHints":{"allow":["GET"]}}],"collection":[{"href":"https:\/\/historiadofutebol.com\/blog\/index.php?rest_route=\/wp\/v2\/posts"}],"about":[{"href":"https:\/\/historiadofutebol.com\/blog\/index.php?rest_route=\/wp\/v2\/types\/post"}],"author":[{"embeddable":true,"href":"https:\/\/historiadofutebol.com\/blog\/index.php?rest_route=\/wp\/v2\/users\/33"}],"replies":[{"embeddable":true,"href":"https:\/\/historiadofutebol.com\/blog\/index.php?rest_route=%2Fwp%2Fv2%2Fcomments&post=55615"}],"version-history":[{"count":5,"href":"https:\/\/historiadofutebol.com\/blog\/index.php?rest_route=\/wp\/v2\/posts\/55615\/revisions"}],"predecessor-version":[{"id":55626,"href":"https:\/\/historiadofutebol.com\/blog\/index.php?rest_route=\/wp\/v2\/posts\/55615\/revisions\/55626"}],"wp:attachment":[{"href":"https:\/\/historiadofutebol.com\/blog\/index.php?rest_route=%2Fwp%2Fv2%2Fmedia&parent=55615"}],"wp:term":[{"taxonomy":"category","embeddable":true,"href":"https:\/\/historiadofutebol.com\/blog\/index.php?rest_route=%2Fwp%2Fv2%2Fcategories&post=55615"},{"taxonomy":"post_tag","embeddable":true,"href":"https:\/\/historiadofutebol.com\/blog\/index.php?rest_route=%2Fwp%2Fv2%2Ftags&post=55615"}],"curies":[{"name":"wp","href":"https:\/\/api.w.org\/{rel}","templated":true}]}}