{"id":55601,"date":"2014-01-28T15:33:36","date_gmt":"2014-01-28T17:33:36","guid":{"rendered":"https:\/\/historiadofutebol.com\/blog\/?p=55601"},"modified":"2022-02-21T18:04:17","modified_gmt":"2022-02-21T21:04:17","slug":"associacao-atletica-santa-cecilia-vila-penteado-sao-paulo-capital","status":"publish","type":"post","link":"https:\/\/historiadofutebol.com\/blog\/?p=55601","title":{"rendered":"Associa\u00e7\u00e3o Atl\u00e9tica Santa Cec\u00edlia, da Vila Penteado &#8211; S\u00e3o Paulo (SP)"},"content":{"rendered":"<p><img decoding=\"async\" class=\"aligncenter size-full wp-image-55602\" src=\"https:\/\/historiadofutebol.com\/blog\/wp-content\/uploads\/2014\/01\/escudo-Santa-Cecilia.bmp\" alt=\"\" \/><\/p>\n<p><img loading=\"lazy\" decoding=\"async\" class=\"aligncenter size-large wp-image-55603\" src=\"https:\/\/historiadofutebol.com\/blog\/wp-content\/uploads\/2014\/01\/SANTA-CECILIA-002-500x262.jpg\" alt=\"\" width=\"500\" height=\"262\" srcset=\"https:\/\/historiadofutebol.com\/blog\/wp-content\/uploads\/2014\/01\/SANTA-CECILIA-002-500x262.jpg 500w, https:\/\/historiadofutebol.com\/blog\/wp-content\/uploads\/2014\/01\/SANTA-CECILIA-002-300x157.jpg 300w, https:\/\/historiadofutebol.com\/blog\/wp-content\/uploads\/2014\/01\/SANTA-CECILIA-002.jpg 1545w\" sizes=\"auto, (max-width: 500px) 100vw, 500px\" \/><\/p>\n<p><span style=\"font-size: 12.0pt; font-family: 'Times New Roman','serif';\">Vila Penteado \u00e9 um bairro localizado na Zona Noroeste da cidade de S\u00e3o Paulo. O bairro surgiu com o loteamento de uma ch\u00e1cara de propriedade da fam\u00edlia Penteado, que deu origem ao nome do bairro. <\/span>Destaca-se, dentre os pioneiros a morarem no bairro, a fam\u00edlia de italianos Budin.<\/p>\n<p class=\"MsoNormal\" style=\"line-height: normal;\"><span style=\"font-size: 12.0pt; font-family: 'Times New Roman','serif'; color: #4d3326;\">ASSOCIA\u00c7\u00c3O ATL\u00c9TICA SANTA CEC\u00cdLIA<\/span><\/p>\n<p class=\"MsoNormal\" style=\"line-height: normal;\">Fundada na data de 7 de novembro de 1949, a Associa\u00e7\u00e3o Atl\u00e9tica Santa Cec\u00edlia \u00e9 carinhosamente conhecida como Santa Cec\u00edlia do Penteado. Foi formada por descendentes italianos e adotou as cores gren\u00e1 e branco (iguais as do Torino Football Club, que sofrera um acidente a\u00e9reo em 4 de maio de 1949), que chamavam a aten\u00e7\u00e3o \u00e0 \u00e9poca, tendo em vista que,\u00a0 praticamente, n\u00e3o existiam clubes amadores com essas cores.<\/p>\n<p class=\"MsoNormal\" style=\"line-height: normal;\">Nos anos cinquenta passou a receber grande participa\u00e7\u00e3o da comunidade negra, que era a maioria no bairro, e se tornou um dos mais fortes esquadr\u00f5es da v\u00e1rzea paulistana.<\/p>\n<p class=\"MsoNormal\" style=\"line-height: normal;\">Homenageado pela C\u00e2mara Municipal de S\u00e3o Paulo, foi o primeiro clube de futebol varzeano a ceder seu nome a uma pra\u00e7a p\u00fablica, a Pra\u00e7a Santa Cec\u00edlia do Penteado.<\/p>\n<p class=\"MsoNormal\" style=\"line-height: normal;\"><em><strong>Fonte:<\/strong> foto extra\u00edda da edi\u00e7\u00e3o de n\u00famero 2, de setembro de 1993, da revista Futebol Total.<\/em><\/p>\n","protected":false},"excerpt":{"rendered":"<p>Vila Penteado \u00e9 um bairro localizado na Zona Noroeste da cidade de S\u00e3o Paulo. O bairro surgiu com o loteamento de uma ch\u00e1cara de propriedade da fam\u00edlia Penteado, que deu origem ao nome do bairro. Destaca-se, dentre os pioneiros a morarem no bairro, a fam\u00edlia de italianos Budin. ASSOCIA\u00c7\u00c3O ATL\u00c9TICA SANTA CEC\u00cdLIA Fundada na data [&hellip;]<\/p>\n","protected":false},"author":47,"featured_media":0,"comment_status":"open","ping_status":"closed","sticky":false,"template":"","format":"standard","meta":{"footnotes":""},"categories":[203,189,59,118,3,51],"tags":[],"class_list":["post-55601","post","type-post","status-publish","format-standard","hentry","category-sergio-mello","category-toninho-sereno","category-escudos","category-futebol-amador-varzeano","category-historia-do-futebol","category-sao-paulo"],"_links":{"self":[{"href":"https:\/\/historiadofutebol.com\/blog\/index.php?rest_route=\/wp\/v2\/posts\/55601","targetHints":{"allow":["GET"]}}],"collection":[{"href":"https:\/\/historiadofutebol.com\/blog\/index.php?rest_route=\/wp\/v2\/posts"}],"about":[{"href":"https:\/\/historiadofutebol.com\/blog\/index.php?rest_route=\/wp\/v2\/types\/post"}],"author":[{"embeddable":true,"href":"https:\/\/historiadofutebol.com\/blog\/index.php?rest_route=\/wp\/v2\/users\/47"}],"replies":[{"embeddable":true,"href":"https:\/\/historiadofutebol.com\/blog\/index.php?rest_route=%2Fwp%2Fv2%2Fcomments&post=55601"}],"version-history":[{"count":9,"href":"https:\/\/historiadofutebol.com\/blog\/index.php?rest_route=\/wp\/v2\/posts\/55601\/revisions"}],"predecessor-version":[{"id":124875,"href":"https:\/\/historiadofutebol.com\/blog\/index.php?rest_route=\/wp\/v2\/posts\/55601\/revisions\/124875"}],"wp:attachment":[{"href":"https:\/\/historiadofutebol.com\/blog\/index.php?rest_route=%2Fwp%2Fv2%2Fmedia&parent=55601"}],"wp:term":[{"taxonomy":"category","embeddable":true,"href":"https:\/\/historiadofutebol.com\/blog\/index.php?rest_route=%2Fwp%2Fv2%2Fcategories&post=55601"},{"taxonomy":"post_tag","embeddable":true,"href":"https:\/\/historiadofutebol.com\/blog\/index.php?rest_route=%2Fwp%2Fv2%2Ftags&post=55601"}],"curies":[{"name":"wp","href":"https:\/\/api.w.org\/{rel}","templated":true}]}}