{"id":55163,"date":"2014-01-02T13:47:39","date_gmt":"2014-01-02T15:47:39","guid":{"rendered":"https:\/\/historiadofutebol.com\/blog\/?p=55163"},"modified":"2014-01-02T13:47:39","modified_gmt":"2014-01-02T15:47:39","slug":"copa-2014-a-festa-da-bola-e-depois","status":"publish","type":"post","link":"https:\/\/historiadofutebol.com\/blog\/?p=55163","title":{"rendered":"COPA 2014, A FESTA DA BOLA. E DEPOIS??"},"content":{"rendered":"<p>Ol\u00e1 pessoal, entramos em 2014, o ano da Copa no Brasil. J\u00e1 tivemos N problemas para que essa Copa se realize, atrasos, superfaturamentos, acidentes, manifesta\u00e7\u00f5es, etc&#8230; Contudo o evento vai ocorrer, querendo ou n\u00e3o.<\/p>\n<p>Mas quero perguntar: E depois que tudo acabar em 13 de julho, como vai ser? Possu\u00edmos no m\u00ednimo 04 arenas que n\u00e3o sobreviver\u00e3o somente com o futebol local.<\/p>\n<p>Fa\u00e7o esse questionamento ap\u00f3s ler a mat\u00e9ria do UOL intitulada <a href=\"http:\/\/copadomundo.uol.com.br\/noticias\/redacao\/2014\/01\/02\/governo-do-am-ainda-nao-sabe-o-que-fazer-com-arena-da-amazonia-apos-a-copa.htm?cmpid=cfb-esporte\">&#8220;Vai virar mico:\u00a0Governo do AM ainda n\u00e3o sabe o que fazer com Arena da Amaz\u00f4nia ap\u00f3s a Copa&#8221;<\/a>. Al\u00e9m do Amazonas, na minha opini\u00e3o, mais tr\u00eas Estados ter\u00e3o problemas para manter suas arenas ap\u00f3s a Copa: Distrito Federal; Mato Grosso; e Rio Grande do Norte. O que fazer com elas para as mesmas serem rent\u00e1veis?<\/p>\n<p>O Maracan\u00e3 \u00a0j\u00e1 sabemos que j\u00e1 deu um preju\u00edzo enorme: <a href=\"http:\/\/www.estadao.com.br\/noticias\/esportes,custo-do-maracana-fica-mais-caro-e-chega-a-r-1192-bi,1056174,0.htm\">obra or\u00e7ada em 1,192 bilh\u00f5es<\/a> enquanto o valor da <a href=\"http:\/\/globoesporte.globo.com\/futebol\/copa-das-confederacoes\/noticia\/2013\/06\/contrato-e-assinado-e-concessao-do-maracana-ja-aparece-no-diario-oficial.html\">concess\u00e3o ser\u00e1 de apenas 181,5 milh\u00f5es<\/a>, a serem pagos em 33 parcelas, uma por ano, para uso de 35 anos, ou seja 1 bilh\u00e3o de preju\u00edzo. Sinceramente n\u00e3o entendo essa matem\u00e1tica&#8230;<\/p>\n<p>Voltando ao foco do artigo, o que dever\u00e1 ser feito para que as arenas n\u00e3o tornem-se &#8220;elefantes brancos&#8221; (se isso \u00e9 poss\u00edvel)?<\/p>\n<p>Minha sugest\u00e3o para Amazonas e Distrito Federal:\u00a0O futebol amazonense e Candango, a curto prazo, n\u00e3o conseguir\u00e1 preencher as arquibancadas em seus eventos. Contudo, espero que o gramado seja conservado para que as equipes joguem l\u00e1.<\/p>\n<p>Os times cariocas possuem\u00a0grande torcida no norte do pa\u00eds e na capital federal, ent\u00e3o \u00a0fa\u00e7am com que elas mandam um jogo por m\u00eas l\u00e1 no brasileir\u00e3o, seriam no m\u00ednimo dois jogos por m\u00eas no est\u00e1dio&#8230; Imaginem um Fla x Flu em Manaus; ou um Flamengo x Botafogo&#8230; Tamb\u00e9m poder\u00e1 ser utilizados em jogos de grande repercuss\u00e3o nacional, tipo Flamengo x Corinthians; Corinthians x Palmeiras; Corinthians x S\u00e3o Paulo. Essas equipes e as pesquisas dizem que elas possuem enormes torcidas, vamos usar isso a favor do futebol&#8230;<\/p>\n<p>Por favor, vamos opinar. J\u00e1 que os &#8220;governantes&#8221; n\u00e3o pensam em nada, vamos &#8220;ajud\u00e1-los&#8221;.<\/p>\n<p>FONTES:<\/p>\n<p><a href=\"http:\/\/globoesporte.globo.com\/futebol\/copa-das-confederacoes\/noticia\/2013\/06\/contrato-e-assinado-e-concessao-do-maracana-ja-aparece-no-diario-oficial.html\">http:\/\/globoesporte.globo.com\/futebol\/copa-das-confederacoes\/noticia\/2013\/06\/contrato-e-assinado-e-concessao-do-maracana-ja-aparece-no-diario-oficial.html<\/a><\/p>\n<p><a href=\"http:\/\/copadomundo.uol.com.br\/noticias\/redacao\/2014\/01\/02\/governo-do-am-ainda-nao-sabe-o-que-fazer-com-arena-da-amazonia-apos-a-copa.htm?cmpid=cfb-esporte\">http:\/\/copadomundo.uol.com.br\/noticias\/redacao\/2014\/01\/02\/governo-do-am-ainda-nao-sabe-o-que-fazer-com-arena-da-amazonia-apos-a-copa.htm?cmpid=cfb-esporte<\/a><\/p>\n<p><a href=\"http:\/\/www.estadao.com.br\/noticias\/esportes,custo-do-maracana-fica-mais-caro-e-chega-a-r-1192-bi,1056174,0.htm\">http:\/\/www.estadao.com.br\/noticias\/esportes,custo-do-maracana-fica-mais-caro-e-chega-a-r-1192-bi,1056174,0.htm<\/a><\/p>\n","protected":false},"excerpt":{"rendered":"<p>Ol\u00e1 pessoal, entramos em 2014, o ano da Copa no Brasil. J\u00e1 tivemos N problemas para que essa Copa se realize, atrasos, superfaturamentos, acidentes, manifesta\u00e7\u00f5es, etc&#8230; Contudo o evento vai ocorrer, querendo ou n\u00e3o. Mas quero perguntar: E depois que tudo acabar em 13 de julho, como vai ser? Possu\u00edmos no m\u00ednimo 04 arenas que [&hellip;]<\/p>\n","protected":false},"author":15,"featured_media":0,"comment_status":"open","ping_status":"closed","sticky":false,"template":"","format":"standard","meta":{"footnotes":""},"categories":[132,68,114],"tags":[],"class_list":["post-55163","post","type-post","status-publish","format-standard","hentry","category-rodrigo-oliveira","category-blog-historia-do-futebol","category-copas-do-mundo"],"_links":{"self":[{"href":"https:\/\/historiadofutebol.com\/blog\/index.php?rest_route=\/wp\/v2\/posts\/55163","targetHints":{"allow":["GET"]}}],"collection":[{"href":"https:\/\/historiadofutebol.com\/blog\/index.php?rest_route=\/wp\/v2\/posts"}],"about":[{"href":"https:\/\/historiadofutebol.com\/blog\/index.php?rest_route=\/wp\/v2\/types\/post"}],"author":[{"embeddable":true,"href":"https:\/\/historiadofutebol.com\/blog\/index.php?rest_route=\/wp\/v2\/users\/15"}],"replies":[{"embeddable":true,"href":"https:\/\/historiadofutebol.com\/blog\/index.php?rest_route=%2Fwp%2Fv2%2Fcomments&post=55163"}],"version-history":[{"count":1,"href":"https:\/\/historiadofutebol.com\/blog\/index.php?rest_route=\/wp\/v2\/posts\/55163\/revisions"}],"predecessor-version":[{"id":55168,"href":"https:\/\/historiadofutebol.com\/blog\/index.php?rest_route=\/wp\/v2\/posts\/55163\/revisions\/55168"}],"wp:attachment":[{"href":"https:\/\/historiadofutebol.com\/blog\/index.php?rest_route=%2Fwp%2Fv2%2Fmedia&parent=55163"}],"wp:term":[{"taxonomy":"category","embeddable":true,"href":"https:\/\/historiadofutebol.com\/blog\/index.php?rest_route=%2Fwp%2Fv2%2Fcategories&post=55163"},{"taxonomy":"post_tag","embeddable":true,"href":"https:\/\/historiadofutebol.com\/blog\/index.php?rest_route=%2Fwp%2Fv2%2Ftags&post=55163"}],"curies":[{"name":"wp","href":"https:\/\/api.w.org\/{rel}","templated":true}]}}