{"id":52685,"date":"2013-10-08T20:09:53","date_gmt":"2013-10-08T23:09:53","guid":{"rendered":"https:\/\/historiadofutebol.com\/blog\/?p=52685"},"modified":"2013-10-08T20:09:53","modified_gmt":"2013-10-08T23:09:53","slug":"torneio-inicio-juvenil-sub-20-minas-gerais-1949","status":"publish","type":"post","link":"https:\/\/historiadofutebol.com\/blog\/?p=52685","title":{"rendered":"Torneio In\u00edcio Juvenil (Sub-20) Minas Gerais 1949"},"content":{"rendered":"<p>Organiza\u00e7\u00e3o: <strong>FMF<\/strong> (Federa\u00e7\u00e3o Mineira de Futebol)<br \/>\nLocal: <strong>Belo Horizonte-MG<\/strong><br \/>\nEst\u00e1dio: <strong>Alameda<\/strong> (Am\u00e9rica-MG)<br \/>\nData: <strong>31\/07\/1949<\/strong><\/p>\n<p>Participantes (Todos de Belo Horizonte):<\/p>\n<p><strong>AM\u00c9RICA<\/strong> Futebol Clube<br \/>\nClube <strong>ATL\u00c9TICO<\/strong> Mineiro<br \/>\n<strong>CRUZEIRO<\/strong> Esporte Clube<br \/>\nEsporte Clube <strong>NACIONAL<\/strong><br \/>\nEsporte Clube <strong>PAISSAND\u00da<\/strong><br \/>\n<strong>GUARANI<\/strong> Futebol Clube<br \/>\n<strong>SETE<\/strong> <strong>DE<\/strong> <strong>SETEMBRO<\/strong> Futebol Clube<\/p>\n<p><strong>Primeira Fase<\/strong><\/p>\n<p>Am\u00e9rica 1&#215;0 Nacional<br \/>\n<em>[Osvaldo]<\/em><br \/>\nCruzeiro 1&#215;1 Atl\u00e9tico (Penaltys 3&#215;0)<br \/>\n<em>[Hamilton; Profeta]<\/em><br \/>\nPaissand\u00fa 1&#215;1 Guarani (Penaltys 3&#215;2)<br \/>\n<em>[Ary; Cabur\u00e9]<\/em><br \/>\nSete de Setembro ficou de Bye<\/p>\n<p><strong>Semifinais<\/strong><\/p>\n<p>Am\u00e9rica 1&#215;0 Sete de Setembro<br \/>\n<em>[Salvador]<\/em><br \/>\nPaissand\u00fa 1&#215;0 Cruzeiro<br \/>\n<em>[Roberto Couto]<\/em><\/p>\n<p><strong>Final<\/strong><\/p>\n<p>Paissand\u00fa 1&#215;0 Am\u00e9rica<br \/>\n<em>[Reinaldo]<\/em><\/p>\n<p><strong>Paissand\u00fa Campe\u00e3o do Torneio In\u00edcio MG Sub-20 1949<\/strong><\/p>\n<p>Escala\u00e7\u00e3o: Nadinho; H\u00e9lio e Roberto; M\u00e1rio, Roberto Couto, Ary e Mussy; Jerson,<br \/>\nTam Vitor, Chiquinho e Reinaldo. T\u00e9cnico: Colombo.<\/p>\n<p><em>Fonte: Di\u00e1rio de Minas<\/em><\/p>\n<p>Saluti<br \/>\nClaudio Freati<\/p>\n","protected":false},"excerpt":{"rendered":"<p>Organiza\u00e7\u00e3o: FMF (Federa\u00e7\u00e3o Mineira de Futebol) Local: Belo Horizonte-MG Est\u00e1dio: Alameda (Am\u00e9rica-MG) Data: 31\/07\/1949 Participantes (Todos de Belo Horizonte): AM\u00c9RICA Futebol Clube Clube ATL\u00c9TICO Mineiro CRUZEIRO Esporte Clube Esporte Clube NACIONAL Esporte Clube PAISSAND\u00da GUARANI Futebol Clube SETE DE SETEMBRO Futebol Clube Primeira Fase Am\u00e9rica 1&#215;0 Nacional [Osvaldo] Cruzeiro 1&#215;1 Atl\u00e9tico (Penaltys 3&#215;0) [Hamilton; Profeta] [&hellip;]<\/p>\n","protected":false},"author":60,"featured_media":0,"comment_status":"open","ping_status":"closed","sticky":false,"template":"","format":"standard","meta":{"footnotes":""},"categories":[536,39],"tags":[],"class_list":["post-52685","post","type-post","status-publish","format-standard","hentry","category-claudio-freati","category-minas-gerais"],"_links":{"self":[{"href":"https:\/\/historiadofutebol.com\/blog\/index.php?rest_route=\/wp\/v2\/posts\/52685","targetHints":{"allow":["GET"]}}],"collection":[{"href":"https:\/\/historiadofutebol.com\/blog\/index.php?rest_route=\/wp\/v2\/posts"}],"about":[{"href":"https:\/\/historiadofutebol.com\/blog\/index.php?rest_route=\/wp\/v2\/types\/post"}],"author":[{"embeddable":true,"href":"https:\/\/historiadofutebol.com\/blog\/index.php?rest_route=\/wp\/v2\/users\/60"}],"replies":[{"embeddable":true,"href":"https:\/\/historiadofutebol.com\/blog\/index.php?rest_route=%2Fwp%2Fv2%2Fcomments&post=52685"}],"version-history":[{"count":8,"href":"https:\/\/historiadofutebol.com\/blog\/index.php?rest_route=\/wp\/v2\/posts\/52685\/revisions"}],"predecessor-version":[{"id":52693,"href":"https:\/\/historiadofutebol.com\/blog\/index.php?rest_route=\/wp\/v2\/posts\/52685\/revisions\/52693"}],"wp:attachment":[{"href":"https:\/\/historiadofutebol.com\/blog\/index.php?rest_route=%2Fwp%2Fv2%2Fmedia&parent=52685"}],"wp:term":[{"taxonomy":"category","embeddable":true,"href":"https:\/\/historiadofutebol.com\/blog\/index.php?rest_route=%2Fwp%2Fv2%2Fcategories&post=52685"},{"taxonomy":"post_tag","embeddable":true,"href":"https:\/\/historiadofutebol.com\/blog\/index.php?rest_route=%2Fwp%2Fv2%2Ftags&post=52685"}],"curies":[{"name":"wp","href":"https:\/\/api.w.org\/{rel}","templated":true}]}}