{"id":52399,"date":"2013-09-30T00:17:28","date_gmt":"2013-09-30T03:17:28","guid":{"rendered":"https:\/\/historiadofutebol.com\/blog\/?p=52399"},"modified":"2013-09-30T00:21:48","modified_gmt":"2013-09-30T03:21:48","slug":"abc-e-america-oficializam-utilizar-o-arena-das-dunas","status":"publish","type":"post","link":"https:\/\/historiadofutebol.com\/blog\/?p=52399","title":{"rendered":"ABc e Am\u00e9rica oficializam utilizar o Arena das Dunas"},"content":{"rendered":"<p>&nbsp;<\/p>\n<div id=\"attachment_52406\" style=\"width: 192px\" class=\"wp-caption aligncenter\"><a href=\"https:\/\/historiadofutebol.com\/blog\/?attachment_id=52406\" rel=\"attachment wp-att-52406\"><img loading=\"lazy\" decoding=\"async\" aria-describedby=\"caption-attachment-52406\" class=\"size-thumbnail wp-image-52406\" title=\"set2013\" src=\"https:\/\/historiadofutebol.com\/blog\/wp-content\/uploads\/2013\/09\/set20131-150x150.jpg\" alt=\"\" width=\"182\" height=\"150\" \/><\/a><p id=\"caption-attachment-52406\" class=\"wp-caption-text\">Arena Dunas com 90% construido em set\/2014<\/p><\/div>\n<p>&nbsp;<\/p>\n<p style=\"text-align: justify;\">ABC e Am\u00e9rica-RN oficializaram\u00a0 o acerto com o\u00a0 cons\u00f3rcio Arena das Dunas para mandarem seus jogos no novo est\u00e1dio de\u00a0 Natal ap\u00f3s a Copa do Mundo de 2014. A assinatura de contrato aconteceu\u00a0 na\u00a0sexta-feira(27\/9) e contou com a\u00a0 presen\u00e7a de representantes dos clubes e da construtora respons\u00e1vel pela\u00a0 obra, assim como da governadora Rosalba Ciarlini. A inaugura\u00e7\u00e3o ser\u00e1 5 de janeiro com uma partida entre os dois clubes.<\/p>\n","protected":false},"excerpt":{"rendered":"<p>&nbsp; &nbsp; ABC e Am\u00e9rica-RN oficializaram\u00a0 o acerto com o\u00a0 cons\u00f3rcio Arena das Dunas para mandarem seus jogos no novo est\u00e1dio de\u00a0 Natal ap\u00f3s a Copa do Mundo de 2014. A assinatura de contrato aconteceu\u00a0 na\u00a0sexta-feira(27\/9) e contou com a\u00a0 presen\u00e7a de representantes dos clubes e da construtora respons\u00e1vel pela\u00a0 obra, assim como da governadora [&hellip;]<\/p>\n","protected":false},"author":33,"featured_media":0,"comment_status":"open","ping_status":"closed","sticky":false,"template":"","format":"standard","meta":{"footnotes":""},"categories":[111,45],"tags":[],"class_list":["post-52399","post","type-post","status-publish","format-standard","hentry","category-ricardo-amaral","category-rg-do-norte"],"_links":{"self":[{"href":"https:\/\/historiadofutebol.com\/blog\/index.php?rest_route=\/wp\/v2\/posts\/52399","targetHints":{"allow":["GET"]}}],"collection":[{"href":"https:\/\/historiadofutebol.com\/blog\/index.php?rest_route=\/wp\/v2\/posts"}],"about":[{"href":"https:\/\/historiadofutebol.com\/blog\/index.php?rest_route=\/wp\/v2\/types\/post"}],"author":[{"embeddable":true,"href":"https:\/\/historiadofutebol.com\/blog\/index.php?rest_route=\/wp\/v2\/users\/33"}],"replies":[{"embeddable":true,"href":"https:\/\/historiadofutebol.com\/blog\/index.php?rest_route=%2Fwp%2Fv2%2Fcomments&post=52399"}],"version-history":[{"count":3,"href":"https:\/\/historiadofutebol.com\/blog\/index.php?rest_route=\/wp\/v2\/posts\/52399\/revisions"}],"predecessor-version":[{"id":52408,"href":"https:\/\/historiadofutebol.com\/blog\/index.php?rest_route=\/wp\/v2\/posts\/52399\/revisions\/52408"}],"wp:attachment":[{"href":"https:\/\/historiadofutebol.com\/blog\/index.php?rest_route=%2Fwp%2Fv2%2Fmedia&parent=52399"}],"wp:term":[{"taxonomy":"category","embeddable":true,"href":"https:\/\/historiadofutebol.com\/blog\/index.php?rest_route=%2Fwp%2Fv2%2Fcategories&post=52399"},{"taxonomy":"post_tag","embeddable":true,"href":"https:\/\/historiadofutebol.com\/blog\/index.php?rest_route=%2Fwp%2Fv2%2Ftags&post=52399"}],"curies":[{"name":"wp","href":"https:\/\/api.w.org\/{rel}","templated":true}]}}