{"id":50472,"date":"2013-08-25T21:08:47","date_gmt":"2013-08-26T00:08:47","guid":{"rendered":"https:\/\/historiadofutebol.com\/blog\/?p=50472"},"modified":"2015-06-22T03:27:45","modified_gmt":"2015-06-22T06:27:45","slug":"danubio-azul-f-c-mooca-sao-paulo-sp","status":"publish","type":"post","link":"https:\/\/historiadofutebol.com\/blog\/?p=50472","title":{"rendered":"DAN\u00daBIO AZUL F.C. &#8211; MO\u00d3CA &#8211; S\u00c3O PAULO &#8211; SP"},"content":{"rendered":"<div id=\"attachment_50473\" style=\"width: 193px\" class=\"wp-caption aligncenter\"><img loading=\"lazy\" decoding=\"async\" aria-describedby=\"caption-attachment-50473\" class=\"size-full wp-image-50473\" src=\"https:\/\/historiadofutebol.com\/blog\/wp-content\/uploads\/2013\/08\/DANUBIO-AZUL.png\" alt=\"\" width=\"183\" height=\"217\" \/><p id=\"caption-attachment-50473\" class=\"wp-caption-text\">DAN\u00daBIO AZUL FUTEBOL CLUBE<\/p><\/div>\n<p>DAN\u00daBIO AZUL FUTEBOL CLUBE<\/p>\n<p>BAIRRO: MO\u00d3CA<\/p>\n<p>FUNDA\u00c7\u00c3O: 27 de julho de 1947<\/p>\n<p>ZONA LESTE<\/p>\n<p>S\u00c3O PAULO &#8211; CAPITAL<\/p>\n","protected":false},"excerpt":{"rendered":"<p>DAN\u00daBIO AZUL FUTEBOL CLUBE BAIRRO: MO\u00d3CA FUNDA\u00c7\u00c3O: 27 de julho de 1947 ZONA LESTE S\u00c3O PAULO &#8211; CAPITAL<\/p>\n","protected":false},"author":47,"featured_media":0,"comment_status":"open","ping_status":"closed","sticky":false,"template":"","format":"standard","meta":{"footnotes":""},"categories":[203,189,59,118,51],"tags":[],"class_list":["post-50472","post","type-post","status-publish","format-standard","hentry","category-sergio-mello","category-toninho-sereno","category-escudos","category-futebol-amador-varzeano","category-sao-paulo"],"_links":{"self":[{"href":"https:\/\/historiadofutebol.com\/blog\/index.php?rest_route=\/wp\/v2\/posts\/50472","targetHints":{"allow":["GET"]}}],"collection":[{"href":"https:\/\/historiadofutebol.com\/blog\/index.php?rest_route=\/wp\/v2\/posts"}],"about":[{"href":"https:\/\/historiadofutebol.com\/blog\/index.php?rest_route=\/wp\/v2\/types\/post"}],"author":[{"embeddable":true,"href":"https:\/\/historiadofutebol.com\/blog\/index.php?rest_route=\/wp\/v2\/users\/47"}],"replies":[{"embeddable":true,"href":"https:\/\/historiadofutebol.com\/blog\/index.php?rest_route=%2Fwp%2Fv2%2Fcomments&post=50472"}],"version-history":[{"count":4,"href":"https:\/\/historiadofutebol.com\/blog\/index.php?rest_route=\/wp\/v2\/posts\/50472\/revisions"}],"predecessor-version":[{"id":50476,"href":"https:\/\/historiadofutebol.com\/blog\/index.php?rest_route=\/wp\/v2\/posts\/50472\/revisions\/50476"}],"wp:attachment":[{"href":"https:\/\/historiadofutebol.com\/blog\/index.php?rest_route=%2Fwp%2Fv2%2Fmedia&parent=50472"}],"wp:term":[{"taxonomy":"category","embeddable":true,"href":"https:\/\/historiadofutebol.com\/blog\/index.php?rest_route=%2Fwp%2Fv2%2Fcategories&post=50472"},{"taxonomy":"post_tag","embeddable":true,"href":"https:\/\/historiadofutebol.com\/blog\/index.php?rest_route=%2Fwp%2Fv2%2Ftags&post=50472"}],"curies":[{"name":"wp","href":"https:\/\/api.w.org\/{rel}","templated":true}]}}