{"id":49097,"date":"2013-07-11T19:55:17","date_gmt":"2013-07-11T22:55:17","guid":{"rendered":"https:\/\/historiadofutebol.com\/blog\/?p=49097"},"modified":"2014-08-18T18:19:12","modified_gmt":"2014-08-18T21:19:12","slug":"inauguracao-estadio-pelezao-guara-df-1965","status":"publish","type":"post","link":"https:\/\/historiadofutebol.com\/blog\/?p=49097","title":{"rendered":"Inaugura\u00e7\u00e3o Est\u00e1dio Pelez\u00e3o &#8211; DF 1965"},"content":{"rendered":"<p style=\"text-align: justify;\">Como parte das comemora\u00e7\u00f5es dos 5 anos de exist\u00eancia de Bras\u00edlia, em 21 de abril de 1965, o ent\u00e3o informalmente chamado <strong>Est\u00e1dio Nacional de Bras\u00edlia<\/strong> foi parcialmente inaugurado com o nome de <strong>Est\u00e1dio Edson Arantes do Nascimento<\/strong>, tamb\u00e9m conhecido popularmente\u00a0como <strong>Est\u00e1dio Pelez\u00e3o<\/strong>.<\/p>\n<p>\u00a0<span style=\"font-size: 13px; line-height: 19px;\">A primeira partida foi:<\/span><\/p>\n<p><strong>SELE\u00c7\u00c3O DE BRAS\u00cdLIA (DF) 1 x 3 \u00a0E. C. SIDER\u00daRGICA (MG)<\/strong><br \/>\n<span style=\"font-size: 13px; line-height: 19px;\">21\/04\/1965 \u2013 Guar\u00e1-DF<\/span><br \/>\n<span style=\"font-size: 13px; line-height: 19px;\">Local: Est\u00e1dio Pelez\u00e3o<\/span><br \/>\n<span style=\"font-size: 13px; line-height: 19px;\">\u00c1rbitro: Jorge Cardoso (DF)<\/span><br \/>\n<span style=\"font-size: 13px; line-height: 19px;\">Renda: Port\u00f5es Abertos<\/span><br \/>\nGols: Z\u00e9 Em\u00edlio 25\u2019, Silvestre 37\u2019, Djalma 59\u2019e Noventa 85\u2019<\/p>\n<p><span style=\"font-size: 13px; line-height: 19px;\">Sele\u00e7\u00e3o de Bras\u00edlia: Z\u00e9 Valter; D\u00e9cio, Geg\u00ea, Wilson e Aderbal; Z\u00e9 Maria e Beto; Sabar\u00e1 (Nobre), Djalma, Geraldo e Arnaldo.<\/span><br \/>\n<span style=\"font-size: 13px; line-height: 19px;\">Sider\u00fargica: Djair; Geraldino, Chiquito, Chiquito e Dawson; Edson (Tim) e Z\u00e9 Em\u00edlio (Altino), Ernani, Silvestre, Fiel, Noventa e Canhoteiro (Raimundo) \/\u00a0 T\u00e9cnico: Yustrich.<\/span><br \/>\n<em>Fonte: O Estado de Minas<\/em><\/p>\n<p><em>Saluti<\/em><\/p>\n<p><em>\u00a0<\/em><em>Claudio<\/em><\/p>\n","protected":false},"excerpt":{"rendered":"<p>Como parte das comemora\u00e7\u00f5es dos 5 anos de exist\u00eancia de Bras\u00edlia, em 21 de abril de 1965, o ent\u00e3o informalmente chamado Est\u00e1dio Nacional de Bras\u00edlia foi parcialmente inaugurado com o nome de Est\u00e1dio Edson Arantes do Nascimento, tamb\u00e9m conhecido popularmente\u00a0como Est\u00e1dio Pelez\u00e3o. \u00a0A primeira partida foi: SELE\u00c7\u00c3O DE BRAS\u00cdLIA (DF) 1 x 3 \u00a0E. C. [&hellip;]<\/p>\n","protected":false},"author":60,"featured_media":0,"comment_status":"open","ping_status":"closed","sticky":false,"template":"","format":"standard","meta":{"footnotes":""},"categories":[536,83,33,737,105,39,85,733],"tags":[],"class_list":["post-49097","post","type-post","status-publish","format-standard","hentry","category-claudio-freati","category-x9-curiosidades","category-distrito-federal","category-estadios-inauguracoes","category-amistosos-nacionais","category-minas-gerais","category-selecoes-estaduais","category-selecoes-municipais"],"_links":{"self":[{"href":"https:\/\/historiadofutebol.com\/blog\/index.php?rest_route=\/wp\/v2\/posts\/49097","targetHints":{"allow":["GET"]}}],"collection":[{"href":"https:\/\/historiadofutebol.com\/blog\/index.php?rest_route=\/wp\/v2\/posts"}],"about":[{"href":"https:\/\/historiadofutebol.com\/blog\/index.php?rest_route=\/wp\/v2\/types\/post"}],"author":[{"embeddable":true,"href":"https:\/\/historiadofutebol.com\/blog\/index.php?rest_route=\/wp\/v2\/users\/60"}],"replies":[{"embeddable":true,"href":"https:\/\/historiadofutebol.com\/blog\/index.php?rest_route=%2Fwp%2Fv2%2Fcomments&post=49097"}],"version-history":[{"count":7,"href":"https:\/\/historiadofutebol.com\/blog\/index.php?rest_route=\/wp\/v2\/posts\/49097\/revisions"}],"predecessor-version":[{"id":61682,"href":"https:\/\/historiadofutebol.com\/blog\/index.php?rest_route=\/wp\/v2\/posts\/49097\/revisions\/61682"}],"wp:attachment":[{"href":"https:\/\/historiadofutebol.com\/blog\/index.php?rest_route=%2Fwp%2Fv2%2Fmedia&parent=49097"}],"wp:term":[{"taxonomy":"category","embeddable":true,"href":"https:\/\/historiadofutebol.com\/blog\/index.php?rest_route=%2Fwp%2Fv2%2Fcategories&post=49097"},{"taxonomy":"post_tag","embeddable":true,"href":"https:\/\/historiadofutebol.com\/blog\/index.php?rest_route=%2Fwp%2Fv2%2Ftags&post=49097"}],"curies":[{"name":"wp","href":"https:\/\/api.w.org\/{rel}","templated":true}]}}