{"id":49078,"date":"2013-07-09T15:02:55","date_gmt":"2013-07-09T18:02:55","guid":{"rendered":"https:\/\/historiadofutebol.com\/blog\/?p=49078"},"modified":"2014-07-08T12:37:35","modified_gmt":"2014-07-08T15:37:35","slug":"sel-mineira-1-x-2-sel-do-triangulo-1929","status":"publish","type":"post","link":"https:\/\/historiadofutebol.com\/blog\/?p=49078","title":{"rendered":"Sele\u00e7\u00e3o Mineira 1 x 2 Sele\u00e7\u00e3o do Tri\u00e2ngulo &#8211; 1929"},"content":{"rendered":"<p>Em preparativos para o Campeonato Brasileiro de Sele\u00e7\u00f5es, a Liga Mineira realizou um amistoso contra um Scratch do Tri\u00e2ngulo Mineiro, composto de jogadores do Uberaba S.C. e do Uberabinha (Atual Uberl\u00e2ndia).<\/p>\n<p><strong>SELE\u00c7\u00c3O MINEIRA 1 x 2 SELE\u00c7\u00c3O DO TRI\u00c2NGULO<\/strong><br \/>\n<span style=\"font-size: 13px; line-height: 19px;\">20\/10\/1929 \u2013 15h30 &#8211; Belo Horizonte-MG<\/span><br \/>\n<span style=\"font-size: 13px; line-height: 19px;\">Local: Est\u00e1dio do Barro Preto (Palestra It\u00e1lia)<\/span><br \/>\n<span style=\"font-size: 13px; line-height: 19px;\">\u00c1rbitro: Jo\u00e3o Aguiar<\/span><br \/>\n<span style=\"font-size: 13px; line-height: 19px;\">Sele\u00e7\u00e3o Mineira: Geraldo; Nereu e Souza; Cordeiro, Brant e Nininho; Piorra, Nin\u00e3o, Zezinho, Carazo e Cunha.<\/span><br \/>\n<span style=\"font-size: 13px; line-height: 19px;\">Sele\u00e7\u00e3o do Tri\u00e2ngulo: Bio; Paulino e Adalberto; Alfredo, Catanduvas e Bad\u00fa; Mira (Juca Pedro), Tinta, Coelho, Woninho e Gradin.<\/span><br \/>\n<span style=\"font-size: 13px; line-height: 19px;\">Gols: Cunha; Bad\u00fa e Gradin. (Todos no 2\u00ba tempo).<\/span><\/p>\n<p><em><strong>Fonte:<\/strong> Estado de Minas<\/em><\/p>\n<p><em>Saluti<\/em><\/p>\n<p><em>\u00a0<\/em><em>Claudio<\/em><\/p>\n","protected":false},"excerpt":{"rendered":"<p>Em preparativos para o Campeonato Brasileiro de Sele\u00e7\u00f5es, a Liga Mineira realizou um amistoso contra um Scratch do Tri\u00e2ngulo Mineiro, composto de jogadores do Uberaba S.C. e do Uberabinha (Atual Uberl\u00e2ndia). SELE\u00c7\u00c3O MINEIRA 1 x 2 SELE\u00c7\u00c3O DO TRI\u00c2NGULO 20\/10\/1929 \u2013 15h30 &#8211; Belo Horizonte-MG Local: Est\u00e1dio do Barro Preto (Palestra It\u00e1lia) \u00c1rbitro: Jo\u00e3o Aguiar [&hellip;]<\/p>\n","protected":false},"author":60,"featured_media":0,"comment_status":"open","ping_status":"closed","sticky":false,"template":"","format":"standard","meta":{"footnotes":""},"categories":[536,105,39,85],"tags":[],"class_list":["post-49078","post","type-post","status-publish","format-standard","hentry","category-claudio-freati","category-amistosos-nacionais","category-minas-gerais","category-selecoes-estaduais"],"_links":{"self":[{"href":"https:\/\/historiadofutebol.com\/blog\/index.php?rest_route=\/wp\/v2\/posts\/49078","targetHints":{"allow":["GET"]}}],"collection":[{"href":"https:\/\/historiadofutebol.com\/blog\/index.php?rest_route=\/wp\/v2\/posts"}],"about":[{"href":"https:\/\/historiadofutebol.com\/blog\/index.php?rest_route=\/wp\/v2\/types\/post"}],"author":[{"embeddable":true,"href":"https:\/\/historiadofutebol.com\/blog\/index.php?rest_route=\/wp\/v2\/users\/60"}],"replies":[{"embeddable":true,"href":"https:\/\/historiadofutebol.com\/blog\/index.php?rest_route=%2Fwp%2Fv2%2Fcomments&post=49078"}],"version-history":[{"count":5,"href":"https:\/\/historiadofutebol.com\/blog\/index.php?rest_route=\/wp\/v2\/posts\/49078\/revisions"}],"predecessor-version":[{"id":58986,"href":"https:\/\/historiadofutebol.com\/blog\/index.php?rest_route=\/wp\/v2\/posts\/49078\/revisions\/58986"}],"wp:attachment":[{"href":"https:\/\/historiadofutebol.com\/blog\/index.php?rest_route=%2Fwp%2Fv2%2Fmedia&parent=49078"}],"wp:term":[{"taxonomy":"category","embeddable":true,"href":"https:\/\/historiadofutebol.com\/blog\/index.php?rest_route=%2Fwp%2Fv2%2Fcategories&post=49078"},{"taxonomy":"post_tag","embeddable":true,"href":"https:\/\/historiadofutebol.com\/blog\/index.php?rest_route=%2Fwp%2Fv2%2Ftags&post=49078"}],"curies":[{"name":"wp","href":"https:\/\/api.w.org\/{rel}","templated":true}]}}