{"id":48788,"date":"2013-06-21T09:12:46","date_gmt":"2013-06-21T12:12:46","guid":{"rendered":"https:\/\/historiadofutebol.com\/blog\/?p=48788"},"modified":"2013-06-21T09:12:46","modified_gmt":"2013-06-21T12:12:46","slug":"paraiso-esporte-clubeto","status":"publish","type":"post","link":"https:\/\/historiadofutebol.com\/blog\/?p=48788","title":{"rendered":"Para\u00edso Esporte Clube\/TO"},"content":{"rendered":"<p>Pessoal encontrei esta not\u00edcia abaixo no seguinte link: <a href=\"http:\/\/esporte.surgiu.com.br\/noticia\/22460\/pec-divulga-lista-dos-convocados-para-o-jogo-contra-o-interlagos-nesta-quinta-8.html\">http:\/\/esporte.surgiu.com.br\/noticia\/22460\/pec-divulga-lista-dos-convocados-para-o-jogo-contra-o-interlagos-nesta-quinta-8.html<\/a>\u00a0<\/p>\n<p>Ser\u00e1 que este \u00e9 o Para\u00edso Original? Vejam que tamb\u00e9m cita o Interlagos como uma equipe a parte.<\/p>\n<p><a href=\"https:\/\/historiadofutebol.com\/blog\/?attachment_id=48789\" rel=\"attachment wp-att-48789\"><img loading=\"lazy\" decoding=\"async\" class=\"aligncenter size-full wp-image-48789\" title=\"PARAISO\" src=\"https:\/\/historiadofutebol.com\/blog\/wp-content\/uploads\/2013\/06\/PARAISO1.jpg\" alt=\"\" width=\"300\" height=\"200\" \/><\/a><\/p>\n<p>Depois de muitos anos inativos, a Liga de esportes de Para\u00edso do Tocantins, atrav\u00e9s do seu presidente Osmarivan Moreira (Rachadinho) resolveu realizar mais uma Edi\u00e7\u00e3o do TORNEIO AMIZADE com quatro equipes que brilharam nesta competi\u00e7\u00e3o nos idos de 70 de 80.<\/p>\n<p>Na preliminar desta quinta-feira, 8, jogar\u00e3o PEC \u2013 Para\u00edso Esporte Clube contra o Interlagos Futebol Clube e no jogo de fundo CAP \u2013 Clube Atl\u00e9tico Para\u00edso contra o Cristal Futebol Clube, da cidade de Cristal\u00e2ndia.<\/p>\n<p>A equipe do PEC comandada pelo seu treinador Ademir R\u00eago e capitaneada por Idelson Chiclete convocou os seguintes jogadores para este jogo com apresenta\u00e7\u00e3o \u00e0s 18hs00 no Est\u00e1dio Pereira:<\/p>\n","protected":false},"excerpt":{"rendered":"<p>Pessoal encontrei esta not\u00edcia abaixo no seguinte link: http:\/\/esporte.surgiu.com.br\/noticia\/22460\/pec-divulga-lista-dos-convocados-para-o-jogo-contra-o-interlagos-nesta-quinta-8.html\u00a0 Ser\u00e1 que este \u00e9 o Para\u00edso Original? Vejam que tamb\u00e9m cita o Interlagos como uma equipe a parte. Depois de muitos anos inativos, a Liga de esportes de Para\u00edso do Tocantins, atrav\u00e9s do seu presidente Osmarivan Moreira (Rachadinho) resolveu realizar mais uma Edi\u00e7\u00e3o do TORNEIO AMIZADE [&hellip;]<\/p>\n","protected":false},"author":40,"featured_media":0,"comment_status":"open","ping_status":"closed","sticky":false,"template":"","format":"standard","meta":{"footnotes":""},"categories":[204,53],"tags":[],"class_list":["post-48788","post","type-post","status-publish","format-standard","hentry","category-roberto-saraiva","category-tocantins"],"_links":{"self":[{"href":"https:\/\/historiadofutebol.com\/blog\/index.php?rest_route=\/wp\/v2\/posts\/48788","targetHints":{"allow":["GET"]}}],"collection":[{"href":"https:\/\/historiadofutebol.com\/blog\/index.php?rest_route=\/wp\/v2\/posts"}],"about":[{"href":"https:\/\/historiadofutebol.com\/blog\/index.php?rest_route=\/wp\/v2\/types\/post"}],"author":[{"embeddable":true,"href":"https:\/\/historiadofutebol.com\/blog\/index.php?rest_route=\/wp\/v2\/users\/40"}],"replies":[{"embeddable":true,"href":"https:\/\/historiadofutebol.com\/blog\/index.php?rest_route=%2Fwp%2Fv2%2Fcomments&post=48788"}],"version-history":[{"count":3,"href":"https:\/\/historiadofutebol.com\/blog\/index.php?rest_route=\/wp\/v2\/posts\/48788\/revisions"}],"predecessor-version":[{"id":49092,"href":"https:\/\/historiadofutebol.com\/blog\/index.php?rest_route=\/wp\/v2\/posts\/48788\/revisions\/49092"}],"wp:attachment":[{"href":"https:\/\/historiadofutebol.com\/blog\/index.php?rest_route=%2Fwp%2Fv2%2Fmedia&parent=48788"}],"wp:term":[{"taxonomy":"category","embeddable":true,"href":"https:\/\/historiadofutebol.com\/blog\/index.php?rest_route=%2Fwp%2Fv2%2Fcategories&post=48788"},{"taxonomy":"post_tag","embeddable":true,"href":"https:\/\/historiadofutebol.com\/blog\/index.php?rest_route=%2Fwp%2Fv2%2Ftags&post=48788"}],"curies":[{"name":"wp","href":"https:\/\/api.w.org\/{rel}","templated":true}]}}