{"id":48425,"date":"2013-06-08T19:22:54","date_gmt":"2013-06-08T22:22:54","guid":{"rendered":"https:\/\/historiadofutebol.com\/blog\/?p=48425"},"modified":"2014-07-08T19:25:54","modified_gmt":"2014-07-08T22:25:54","slug":"america-mg-x-america-rn","status":"publish","type":"post","link":"https:\/\/historiadofutebol.com\/blog\/?p=48425","title":{"rendered":"AM\u00c9RICA-MG x AM\u00c9RICA-RN"},"content":{"rendered":"<p>Abaixo o hist\u00f3rico das <strong>12<\/strong>\u00a0partidas entre os hom\u00f4nimos\u00a0<strong>Am\u00e9rica de Minas Gerais<\/strong>\u00a0contra o\u00a0<strong>Am\u00e9rica do Rio Grande do Norte<\/strong>\u00a0e as cidades onde foram disputadas:<\/p>\n<p>&nbsp;<\/p>\n<table width=\"621\" border=\"0\" cellspacing=\"0\" cellpadding=\"0\">\n<colgroup>\n<col width=\"40\" \/>\n<col width=\"86\" \/>\n<col width=\"108\" \/>\n<col width=\"29\" \/>\n<col width=\"24\" \/>\n<col width=\"35\" \/>\n<col width=\"123\" \/>\n<col width=\"176\" \/><\/colgroup>\n<tbody>\n<tr>\n<td width=\"40\" height=\"21\">1<\/td>\n<td width=\"86\">08\/04\/1978<\/td>\n<td width=\"108\">AM\u00c9RICA-MG<\/td>\n<td width=\"29\">5<\/td>\n<td width=\"24\">x<\/td>\n<td width=\"35\">1<\/td>\n<td width=\"123\">AM\u00c9RICA-RN<\/td>\n<td width=\"176\">BELO HORIZONTE<\/td>\n<\/tr>\n<tr>\n<td width=\"40\" height=\"21\">2<\/td>\n<td width=\"86\">20\/06\/1978<\/td>\n<td width=\"108\">AM\u00c9RICA-MG<\/td>\n<td width=\"29\">1<\/td>\n<td width=\"24\">x<\/td>\n<td width=\"35\">1<\/td>\n<td width=\"123\">AM\u00c9RICA-RN<\/td>\n<td width=\"176\">BELO HORIZONTE<\/td>\n<\/tr>\n<tr>\n<td width=\"40\" height=\"21\">3<\/td>\n<td width=\"86\">02\/08\/1998<\/td>\n<td width=\"108\">AM\u00c9RICA-MG<\/td>\n<td width=\"29\">2<\/td>\n<td width=\"24\">x<\/td>\n<td width=\"35\">2<\/td>\n<td width=\"123\">AM\u00c9RICA-RN<\/td>\n<td width=\"176\">BELO HORIZONTE<\/td>\n<\/tr>\n<tr>\n<td width=\"40\" height=\"21\">4<\/td>\n<td width=\"86\">02\/09\/1999<\/td>\n<td width=\"108\">AM\u00c9RICA-MG<\/td>\n<td width=\"29\">0<\/td>\n<td width=\"24\">x<\/td>\n<td width=\"35\">1<\/td>\n<td width=\"123\">AM\u00c9RICA-RN<\/td>\n<td width=\"176\">NATAL<\/td>\n<\/tr>\n<tr>\n<td width=\"40\" height=\"21\">5<\/td>\n<td width=\"86\">30\/08\/2002<\/td>\n<td width=\"108\">AM\u00c9RICA-MG<\/td>\n<td width=\"29\">2<\/td>\n<td width=\"24\">x<\/td>\n<td width=\"35\">2<\/td>\n<td width=\"123\">AM\u00c9RICA-RN<\/td>\n<td width=\"176\">BELO HORIZONTE<\/td>\n<\/tr>\n<tr>\n<td width=\"40\" height=\"21\">6<\/td>\n<td width=\"86\">25\/04\/2003<\/td>\n<td width=\"108\">AM\u00c9RICA-MG<\/td>\n<td width=\"29\">2<\/td>\n<td width=\"24\">x<\/td>\n<td width=\"35\">2<\/td>\n<td width=\"123\">AM\u00c9RICA-RN<\/td>\n<td width=\"176\">NATAL<\/td>\n<\/tr>\n<tr>\n<td width=\"40\" height=\"21\">7<\/td>\n<td width=\"86\">20\/07\/2004<\/td>\n<td width=\"108\">AM\u00c9RICA-MG<\/td>\n<td width=\"29\">2<\/td>\n<td width=\"24\">x<\/td>\n<td width=\"35\">2<\/td>\n<td width=\"123\">AM\u00c9RICA-RN<\/td>\n<td width=\"176\">BELO HORIZONTE<\/td>\n<\/tr>\n<tr>\n<td width=\"40\" height=\"21\">8<\/td>\n<td width=\"86\">25\/05\/2010<\/td>\n<td width=\"108\">AM\u00c9RICA-MG<\/td>\n<td width=\"29\">2<\/td>\n<td width=\"24\">x<\/td>\n<td width=\"35\">0<\/td>\n<td width=\"123\">AM\u00c9RICA-RN<\/td>\n<td width=\"176\">NATAL<\/td>\n<\/tr>\n<tr>\n<td width=\"40\" height=\"21\">9<\/td>\n<td width=\"86\">21\/09\/2010<\/td>\n<td width=\"108\">AM\u00c9RICA-MG<\/td>\n<td width=\"29\">4<\/td>\n<td width=\"24\">x<\/td>\n<td width=\"35\">1<\/td>\n<td width=\"123\">AM\u00c9RICA-RN<\/td>\n<td width=\"176\">SETE LAGOAS<\/td>\n<\/tr>\n<tr>\n<td width=\"40\" height=\"21\">10<\/td>\n<td width=\"86\">17\/08\/2012<\/td>\n<td width=\"108\">AM\u00c9RICA-MG<\/td>\n<td width=\"29\">1<\/td>\n<td width=\"24\">x<\/td>\n<td width=\"35\">1<\/td>\n<td width=\"123\">AM\u00c9RICA-RN<\/td>\n<td width=\"176\">BELO HORIZONTE<\/td>\n<\/tr>\n<tr>\n<td width=\"40\" height=\"21\">11<\/td>\n<td width=\"86\">17\/11\/2012<\/td>\n<td width=\"108\">AM\u00c9RICA-MG<\/td>\n<td width=\"29\">1<\/td>\n<td width=\"24\">x<\/td>\n<td width=\"35\">1<\/td>\n<td width=\"123\">AM\u00c9RICA-RN<\/td>\n<td width=\"176\">NATAL<span>\u00a0<\/span><\/td>\n<\/tr>\n<tr>\n<td width=\"40\" height=\"21\">12<\/td>\n<td width=\"86\">17\/08\/2013<\/td>\n<td width=\"108\">AM\u00c9RICA-MG<\/td>\n<td width=\"29\">1<\/td>\n<td width=\"24\">x<\/td>\n<td width=\"35\">1<\/td>\n<td width=\"123\">AM\u00c9RICA-RN<\/td>\n<td width=\"176\">BELO HORIZONTE<\/td>\n<\/tr>\n<\/tbody>\n<\/table>\n<p>&nbsp;<\/p>\n<p>Vit\u00f3rias mineiras: 3<\/p>\n<p><span style=\"font-size: 13px; line-height: 19px;\">Vit\u00f3rias potiguares: 1<\/span><\/p>\n<p><span style=\"font-size: 13px; line-height: 19px;\">Empates: 8<\/span><\/p>\n<p><span style=\"font-size: 13px; line-height: 19px;\">Gols mineiros: 23<\/span><\/p>\n<p><span style=\"font-size: 13px; line-height: 19px;\">Gols potiguares: 15<\/span><\/p>\n<p>Saluti a tutti<\/p>\n<p>Claudio<\/p>\n<p><em>Informa\u00e7\u00f5es do Almanaque do Am\u00e9rica (Carlos Paiva) e acervo pessoal<\/em><\/p>\n","protected":false},"excerpt":{"rendered":"<p>Abaixo o hist\u00f3rico das 12\u00a0partidas entre os hom\u00f4nimos\u00a0Am\u00e9rica de Minas Gerais\u00a0contra o\u00a0Am\u00e9rica do Rio Grande do Norte\u00a0e as cidades onde foram disputadas: &nbsp; 1 08\/04\/1978 AM\u00c9RICA-MG 5 x 1 AM\u00c9RICA-RN BELO HORIZONTE 2 20\/06\/1978 AM\u00c9RICA-MG 1 x 1 AM\u00c9RICA-RN BELO HORIZONTE 3 02\/08\/1998 AM\u00c9RICA-MG 2 x 2 AM\u00c9RICA-RN BELO HORIZONTE 4 02\/09\/1999 AM\u00c9RICA-MG 0 x [&hellip;]<\/p>\n","protected":false},"author":60,"featured_media":0,"comment_status":"open","ping_status":"closed","sticky":false,"template":"","format":"standard","meta":{"footnotes":""},"categories":[536,83,39,45],"tags":[],"class_list":["post-48425","post","type-post","status-publish","format-standard","hentry","category-claudio-freati","category-x9-curiosidades","category-minas-gerais","category-rg-do-norte"],"_links":{"self":[{"href":"https:\/\/historiadofutebol.com\/blog\/index.php?rest_route=\/wp\/v2\/posts\/48425","targetHints":{"allow":["GET"]}}],"collection":[{"href":"https:\/\/historiadofutebol.com\/blog\/index.php?rest_route=\/wp\/v2\/posts"}],"about":[{"href":"https:\/\/historiadofutebol.com\/blog\/index.php?rest_route=\/wp\/v2\/types\/post"}],"author":[{"embeddable":true,"href":"https:\/\/historiadofutebol.com\/blog\/index.php?rest_route=\/wp\/v2\/users\/60"}],"replies":[{"embeddable":true,"href":"https:\/\/historiadofutebol.com\/blog\/index.php?rest_route=%2Fwp%2Fv2%2Fcomments&post=48425"}],"version-history":[{"count":5,"href":"https:\/\/historiadofutebol.com\/blog\/index.php?rest_route=\/wp\/v2\/posts\/48425\/revisions"}],"predecessor-version":[{"id":50184,"href":"https:\/\/historiadofutebol.com\/blog\/index.php?rest_route=\/wp\/v2\/posts\/48425\/revisions\/50184"}],"wp:attachment":[{"href":"https:\/\/historiadofutebol.com\/blog\/index.php?rest_route=%2Fwp%2Fv2%2Fmedia&parent=48425"}],"wp:term":[{"taxonomy":"category","embeddable":true,"href":"https:\/\/historiadofutebol.com\/blog\/index.php?rest_route=%2Fwp%2Fv2%2Fcategories&post=48425"},{"taxonomy":"post_tag","embeddable":true,"href":"https:\/\/historiadofutebol.com\/blog\/index.php?rest_route=%2Fwp%2Fv2%2Ftags&post=48425"}],"curies":[{"name":"wp","href":"https:\/\/api.w.org\/{rel}","templated":true}]}}